{"id":105818,"date":"2025-10-11T02:18:20","date_gmt":"2025-10-11T02:18:20","guid":{"rendered":"https:\/\/www.europesays.com\/pt\/105818\/"},"modified":"2025-10-11T02:18:20","modified_gmt":"2025-10-11T02:18:20","slug":"esta-ali-a-melhor-mae-do-mundo","status":"publish","type":"post","link":"https:\/\/www.europesays.com\/pt\/105818\/","title":{"rendered":"Est\u00e1 ali a melhor m\u00e3e do mundo"},"content":{"rendered":"<p><a href=\"https:\/\/famashow.pt\/pesquisa?q=lu%C3%ADs+santos\" target=\"_blank\" rel=\"noreferrer noopener nofollow\"><strong>Lu\u00eds Santos<\/strong><\/a> concretizou aquele que era o seu maior sonho. O ex-participante de \u2018Casados no Para\u00edso\u2019, da SIC anunciou o nascimento da filha, <strong>Maria Lu\u00edza<\/strong>, esta quinta-feira, dia 9 de outubro.<\/p>\n<p>A companheira e m\u00e3e da beb\u00e9, <strong>Mafalda Mar\u00e7alo<\/strong>, publicou uma fotografia nas redes sociais onde se pode ver Lu\u00eds com a filha ao colo. &#8220;<strong>A nossa maior b\u00ean\u00e7\u00e3o chegou<\/strong>&#8220;, l\u00ea-se na legenda da publica\u00e7\u00e3o.<\/p>\n<p>Entretanto, Lu\u00eds Santos publicou um v\u00eddeo a dar mais pormenores sobre o nascimento da menina: &#8220;<strong>Conseguem sentir este olhar de felicidade? Uma coisa t\u00e3o boa que acabou de acontecer nas nossas vidas. A Maria Lu\u00edsa j\u00e1 nasceu e eu vinha aqui partilhar esta alegria com voc\u00eas (&#8230;) <\/strong><strong>Correu tudo bem, \u00e9 uma menina linda, linda, e estamos muito felizes. Era s\u00f3 para vos dar um beijinho, est\u00e1 ali a melhor m\u00e3e do mundo com ela a mamar. Correu tudo bem, obrigado a todos pelo apoio e \u00e9 o maior sonho da vida realizado<\/strong>&#8220;, contou.<\/p>\n<p>Recorde-se que, recentemente, o treinador de c\u00e3es contou que <a href=\"https:\/\/famashow.pt\/famosos\/2025-10-07-video-tenho-que-voltar-a-ser-operado---luis-santos-de-casados-faz-revelacao-dias-antes-da-filha-nascer--90f8267e\" target=\"_blank\" rel=\"noreferrer noopener nofollow\">ir\u00e1 ter de voltar a ser submetido a uma cirurgia<\/a>. Em agosto, a m\u00e3e de Lu\u00eds Santos <a href=\"https:\/\/famashow.pt\/famosos\/2025-08-27-mae-de-luis-santos-de-casados-pede-oracoes-pelo-filho-ele-vai-ser-pai-daqui-a-poucas-semanas--02904239\" target=\"_blank\" rel=\"noreferrer noopener nofollow\">pediu ora\u00e7\u00f5es<\/a> pelo filho depois deste ter sofrido uma <a href=\"https:\/\/famashow.pt\/famosos\/2025-08-27-mae-de-luis-santos-de-casados-pede-oracoes-pelo-filho-ele-vai-ser-pai-daqui-a-poucas-semanas--02904239\" target=\"_blank\" rel=\"noreferrer noopener nofollow\">crise de diverticulite em que houve a perfura\u00e7\u00e3o do intestino, tendo sido operado de urg\u00eancia<\/a>.<\/p>\n","protected":false},"excerpt":{"rendered":"Lu\u00eds Santos concretizou aquele que era o seu maior sonho. O ex-participante de \u2018Casados no Para\u00edso\u2019, da SIC&hellip;\n","protected":false},"author":2,"featured_media":105819,"comment_status":"","ping_status":"","sticky":false,"template":"","format":"standard","meta":{"footnotes":""},"categories":[145],"tags":[211,210,114,115,32,33],"class_list":{"0":"post-105818","1":"post","2":"type-post","3":"status-publish","4":"format-standard","5":"has-post-thumbnail","7":"category-celebridades","8":"tag-celebridades","9":"tag-celebrities","10":"tag-entertainment","11":"tag-entretenimento","12":"tag-portugal","13":"tag-pt"},"share_on_mastodon":{"url":"","error":""},"_links":{"self":[{"href":"https:\/\/www.europesays.com\/pt\/wp-json\/wp\/v2\/posts\/105818","targetHints":{"allow":["GET"]}}],"collection":[{"href":"https:\/\/www.europesays.com\/pt\/wp-json\/wp\/v2\/posts"}],"about":[{"href":"https:\/\/www.europesays.com\/pt\/wp-json\/wp\/v2\/types\/post"}],"author":[{"embeddable":true,"href":"https:\/\/www.europesays.com\/pt\/wp-json\/wp\/v2\/users\/2"}],"replies":[{"embeddable":true,"href":"https:\/\/www.europesays.com\/pt\/wp-json\/wp\/v2\/comments?post=105818"}],"version-history":[{"count":0,"href":"https:\/\/www.europesays.com\/pt\/wp-json\/wp\/v2\/posts\/105818\/revisions"}],"wp:featuredmedia":[{"embeddable":true,"href":"https:\/\/www.europesays.com\/pt\/wp-json\/wp\/v2\/media\/105819"}],"wp:attachment":[{"href":"https:\/\/www.europesays.com\/pt\/wp-json\/wp\/v2\/media?parent=105818"}],"wp:term":[{"taxonomy":"category","embeddable":true,"href":"https:\/\/www.europesays.com\/pt\/wp-json\/wp\/v2\/categories?post=105818"},{"taxonomy":"post_tag","embeddable":true,"href":"https:\/\/www.europesays.com\/pt\/wp-json\/wp\/v2\/tags?post=105818"}],"curies":[{"name":"wp","href":"https:\/\/api.w.org\/{rel}","templated":true}]}}