{"id":105820,"date":"2025-10-11T02:20:07","date_gmt":"2025-10-11T02:20:07","guid":{"rendered":"https:\/\/www.europesays.com\/pt\/105820\/"},"modified":"2025-10-11T02:20:07","modified_gmt":"2025-10-11T02:20:07","slug":"um-romance-de-formacao-e-uma-obra-de-contos-sao-lancadas-neste-sabado","status":"publish","type":"post","link":"https:\/\/www.europesays.com\/pt\/105820\/","title":{"rendered":"Um romance de forma\u00e7\u00e3o e uma obra de contos s\u00e3o lan\u00e7adas neste s\u00e1bado"},"content":{"rendered":"<p>O jornalista, escritor e cr\u00edtico liter\u00e1rio <strong>Carlos Andr\u00e9 Moreira<\/strong> lan\u00e7a neste s\u00e1bado, \u00e0s 16h, a segunda edi\u00e7\u00e3o de seu romance de forma\u00e7\u00e3o <strong>\u201cTudo o que Fizemos\u201d<\/strong> (Casa de Asterion, 266p. O lan\u00e7amento ser\u00e1 realizado em bate-papo com o escritor Samir Machado de Machado (\u201cTupinil\u00e2ndia\u201d), na <strong>Livraria Paralelo 30 <\/strong>(Vieira de Castro, 48, bairro Farroupilha).<\/p>\n<p>A obra se passa no interior do RS, no in\u00edcio dos anos 1990, quando quatro adolescentes (Sandro, Marcos, Get\u00falio e Caio) entram em um conflito com a dire\u00e7\u00e3o da escola em que estudam. Movidos por um impulso pol\u00edtico, decidem organizar um protesto. Mas o plano falha, e um deles acaba responsabilizado sozinho. A partir desse ponto de ruptura, os demais precisam encarar a pr\u00f3pria covardia, os limites da amizade e as consequ\u00eancias de suas escolhas.<\/p>\n<p>O livro \u201c<strong>Hist\u00f3rias Avulsas \u2013 Contos Reais e Contos Fant\u00e1sticos<\/strong>\u201d da ga\u00facha <strong>Janice Barth<\/strong> ser\u00e1 lan\u00e7ado hoje, 19h30min, na <strong>Livraria Isasul<\/strong> (Riachuelo, 1236), com aut\u00f3grafos e conversa da autora sobre \u201cA beleza das palavras que costuram vidas\u201d. A obra re\u00fane 22 contos em duas partes: 11 contos sobre o cotidiano e sua complexidade e 11 narrativas fant\u00e1sticas, que navegam pelo realismo m\u00e1gico latino-americano. A trajet\u00f3ria da autora come\u00e7ou com o romance hist\u00f3rico \u201cGranito\u201d, em 2021.<\/p>\n","protected":false},"excerpt":{"rendered":"O jornalista, escritor e cr\u00edtico liter\u00e1rio Carlos Andr\u00e9 Moreira lan\u00e7a neste s\u00e1bado, \u00e0s 16h, a segunda edi\u00e7\u00e3o de&hellip;\n","protected":false},"author":2,"featured_media":105821,"comment_status":"","ping_status":"","sticky":false,"template":"","format":"standard","meta":{"footnotes":""},"categories":[143],"tags":[3428,169,25427,25428,114,115,25429,864,170,32,33,1016],"class_list":{"0":"post-105820","1":"post","2":"type-post","3":"status-publish","4":"format-standard","5":"has-post-thumbnail","7":"category-livros","8":"tag-arte-agenda","9":"tag-books","10":"tag-carlos-andre-moreira","11":"tag-contos","12":"tag-entertainment","13":"tag-entretenimento","14":"tag-janice-barth","15":"tag-literatura","16":"tag-livros","17":"tag-portugal","18":"tag-pt","19":"tag-romance"},"share_on_mastodon":{"url":"","error":""},"_links":{"self":[{"href":"https:\/\/www.europesays.com\/pt\/wp-json\/wp\/v2\/posts\/105820","targetHints":{"allow":["GET"]}}],"collection":[{"href":"https:\/\/www.europesays.com\/pt\/wp-json\/wp\/v2\/posts"}],"about":[{"href":"https:\/\/www.europesays.com\/pt\/wp-json\/wp\/v2\/types\/post"}],"author":[{"embeddable":true,"href":"https:\/\/www.europesays.com\/pt\/wp-json\/wp\/v2\/users\/2"}],"replies":[{"embeddable":true,"href":"https:\/\/www.europesays.com\/pt\/wp-json\/wp\/v2\/comments?post=105820"}],"version-history":[{"count":0,"href":"https:\/\/www.europesays.com\/pt\/wp-json\/wp\/v2\/posts\/105820\/revisions"}],"wp:featuredmedia":[{"embeddable":true,"href":"https:\/\/www.europesays.com\/pt\/wp-json\/wp\/v2\/media\/105821"}],"wp:attachment":[{"href":"https:\/\/www.europesays.com\/pt\/wp-json\/wp\/v2\/media?parent=105820"}],"wp:term":[{"taxonomy":"category","embeddable":true,"href":"https:\/\/www.europesays.com\/pt\/wp-json\/wp\/v2\/categories?post=105820"},{"taxonomy":"post_tag","embeddable":true,"href":"https:\/\/www.europesays.com\/pt\/wp-json\/wp\/v2\/tags?post=105820"}],"curies":[{"name":"wp","href":"https:\/\/api.w.org\/{rel}","templated":true}]}}