{"id":105832,"date":"2025-10-11T02:34:07","date_gmt":"2025-10-11T02:34:07","guid":{"rendered":"https:\/\/www.europesays.com\/pt\/105832\/"},"modified":"2025-10-11T02:34:07","modified_gmt":"2025-10-11T02:34:07","slug":"mostra-de-cinema-de-sp-reforca-sua-ligacao-com-os-livros-10-10-2025-walter-porto","status":"publish","type":"post","link":"https:\/\/www.europesays.com\/pt\/105832\/","title":{"rendered":"Mostra de Cinema de SP refor\u00e7a sua liga\u00e7\u00e3o com os livros &#8211; 10\/10\/2025 &#8211; Walter Porto"},"content":{"rendered":"<p>A <a href=\"https:\/\/www1.folha.uol.com.br\/folha-topicos\/mostra-de-cinema-de-sp\/\" rel=\"nofollow noopener\" target=\"\">Mostra Internacional de Cinema em S\u00e3o Paulo<\/a> sempre teve conex\u00e3o com a <a href=\"https:\/\/www1.folha.uol.com.br\/folha-topicos\/literatura\/\" rel=\"nofollow noopener\" target=\"_blank\">literatura<\/a>, natural dada a frequ\u00eancia com que livros viram filmes. Mas, neste ano, com o <a href=\"https:\/\/www1.folha.uol.com.br\/ilustrada\/2025\/08\/mostra-de-cinema-de-sp-tera-historia-de-valter-hugo-mae-e-favorito-do-juri-em-cannes.shtml\" rel=\"nofollow noopener\" target=\"\">p\u00f4ster assinado<\/a> pelo <a href=\"https:\/\/www1.folha.uol.com.br\/ilustrada\/2025\/08\/valter-hugo-mae-diverte-e-emociona-publico-da-flip-ao-falar-das-vozes-de-sua-cabeca.shtml\" rel=\"nofollow noopener\" target=\"\">escritor portugu\u00eas Valter Hugo M\u00e3e<\/a>, parece ir um passo al\u00e9m.<\/p>\n<p>A diretora da Mostra, Renata de Almeida, conta que decidiu convidar o lusitano mais pop do Brasil para fazer a arte desta edi\u00e7\u00e3o do festival \u2014que come\u00e7a na pr\u00f3xima quinta, dia 16\u2014 ao ver o document\u00e1rio &#8220;De Lugar Nenhum&#8221;, que acompanha seu processo criativo.<\/p>\n<p>O filme dirigido por Miguel Gon\u00e7alves Mendes, mesmo cineasta de &#8220;Jos\u00e9 e Pilar&#8221;, o retrato de Saramago com sua hoje vi\u00fava, estar\u00e1 na programa\u00e7\u00e3o. Tamb\u00e9m ser\u00e1 exibido pela primeira vez <a href=\"https:\/\/www1.folha.uol.com.br\/ilustrada\/2025\/08\/queria-ter-mandado-em-tudo-diz-valter-hugo-mae-sobre-filme-da-netflix-na-flip.shtml\" rel=\"nofollow noopener\" target=\"\">&#8220;O Filho de Mil Homens&#8221;<\/a>, adapta\u00e7\u00e3o do brasileiro Daniel Rezende para a obra do escritor, fruto de uma parceria entre a Mostra e a <a href=\"https:\/\/www1.folha.uol.com.br\/folha-topicos\/netflix\/\" rel=\"nofollow noopener\" target=\"_blank\">Netflix<\/a> que tem sido bem-sucedida.<\/p>\n<p>H\u00e1 outros di\u00e1logos curiosos com a literatura em filmes deste ano \u2014&#8221;Dalloway&#8221; acompanha uma escritora chamada Clarissa que tenta resolver seu bloqueio com ajuda de <a href=\"https:\/\/www1.folha.uol.com.br\/folha-topicos\/inteligencia-artificial\/\" rel=\"nofollow noopener\" target=\"_blank\">intelig\u00eancia artificial<\/a>, e &#8220;Os Pap\u00e9is do Ingl\u00eas&#8221; tem roteiro de Jos\u00e9 Eduardo Agualusa para uma jornada \u00e9pica do escritor Ruy Duarte de Carvalho. Mas talvez os mais interessantes aconte\u00e7am fora das telas.<\/p>\n<p>Desde 2019, a Mostra oferece um palco robusto para que editores e at\u00e9 autores fa\u00e7am &#8220;pitching&#8221; a produtores de <a href=\"https:\/\/www1.folha.uol.com.br\/folha-topicos\/cinema\/\" rel=\"nofollow noopener\" target=\"_blank\">cinema<\/a>, uma breve apresenta\u00e7\u00e3o buscando seduzir interessados em realizar adapta\u00e7\u00f5es cinematogr\u00e1ficas. \u00c9 parte do ciclo &#8220;Da Palavra \u00e0 Imagem&#8221;, que neste ano ser\u00e1 no pr\u00f3ximo dia 25, um s\u00e1bado, na Cinemateca.<\/p>\n<p>Foi nesse espa\u00e7o, por exemplo, que a Gullane comprou no ano passado os direitos para adaptar <a href=\"https:\/\/www1.folha.uol.com.br\/ilustrada\/2024\/10\/jeferson-tenorio-narra-as-cotas-raciais-como-revolucao-silenciosa-nas-universidades.shtml\" rel=\"nofollow noopener\" target=\"\">&#8220;De Onde Eles V\u00eam&#8221;<\/a>, romance mais recente de <a href=\"https:\/\/www1.folha.uol.com.br\/ilustrada\/2025\/08\/jeferson-tenorio-de-o-avesso-da-pele-e-banido-do-instagram-e-acusa-censura.shtml\" rel=\"nofollow noopener\" target=\"\">Jeferson Ten\u00f3rio<\/a>. Tamb\u00e9m houve disputa pela adapta\u00e7\u00e3o de &#8220;Contra Fogo&#8221;, do brigadista ambiental <a href=\"https:\/\/www1.folha.uol.com.br\/ilustrada\/2024\/09\/flip-anuncia-mesa-extra-sobre-queimadas-com-txai-surui-e-autor-ambientalista.shtml\" rel=\"nofollow noopener\" target=\"\">Pablo Casella<\/a>, comprado por um servi\u00e7o de <a href=\"https:\/\/www1.folha.uol.com.br\/folha-topicos\/streaming\/\" rel=\"nofollow noopener\" target=\"_blank\">streaming<\/a>.<\/p>\n<p>&#8220;Tanto do cinema vem de adapta\u00e7\u00f5es liter\u00e1rias&#8221;, diz Renata de Almeida. &#8220;O que tentamos fazer \u00e9 ajudar nessa aproxima\u00e7\u00e3o.&#8221;<\/p>\n<p><strong>LEGALMENTE AUTORA<\/strong> Falando nisso, a Arqueiro comprou os direitos para publicar a primeira fic\u00e7\u00e3o da atriz e produtora <a href=\"https:\/\/www1.folha.uol.com.br\/folha-topicos\/reese-witherspoon\/\" rel=\"nofollow noopener\" target=\"_blank\">Reese Witherspoon<\/a>, escrita em parceria com o popstar do suspense <a href=\"https:\/\/www1.folha.uol.com.br\/folha\/livrariadafolha\/ult10082u642193.shtml\" rel=\"nofollow noopener\" target=\"\">Harlan Coben<\/a>. &#8220;Gone Before Goodbye&#8221;, ou &#8220;partida antes do adeus&#8221;, \u00e9 um thriller de conspira\u00e7\u00e3o centrado em uma m\u00e9dica militar. Nos \u00faltimos anos, a atriz oscarizada se aproximou com vigor da literatura por meio de seu clube de leitura ultrapopular e sua empresa voltada a adaptar tramas de mulheres. O livro sai no Brasil em mar\u00e7o.<\/p>\n<p>    Tudo a Ler<\/p>\n<p class=\"c-newsletter__subtitle\">Receba no seu email uma sele\u00e7\u00e3o com lan\u00e7amentos, cl\u00e1ssicos e curiosidades liter\u00e1rias<\/p>\n<p><strong>CESSAR-FOGO<\/strong> A WMF Martins Fontes publica tamb\u00e9m em mar\u00e7o o best-seller sobre Gaza do jornalista Omar El Akkad, que acabou de ser indicado ao National Book Award. O livro se chama &#8220;One Day, Everyone Will Have Always Been Against This&#8221;, algo como &#8220;um dia, todo mundo ter\u00e1 sido contra isso desde sempre&#8221;. O autor, que imigrou do Egito para o Canad\u00e1, argumenta que os princ\u00edpios que fundam a sociedade americana s\u00e3o uma mentira, nesta &#8220;carta de t\u00e9rmino com o Ocidente&#8221;.<\/p>\n<p><strong>MAIS UM <\/strong><strong>FESTIVAL <\/strong> A <a href=\"https:\/\/www1.folha.uol.com.br\/colunas\/walter-porto\/2025\/10\/por-que-ha-tantos-festivais-literarios-surgindo-em-diversas-cidades-do-brasil.shtml\" rel=\"nofollow noopener\" target=\"\">coluna passada falou de muitos festivais liter\u00e1rios<\/a> que estrearam pelo Brasil neste ano \u2014e s\u00e3o tantos que n\u00e3o d\u00e1 para citar todos. Mas vale incluir uma regi\u00e3o que ficou de fora, o Centro-Oeste, que recebe neste m\u00eas a nova Bienal Pantanal. O evento vai at\u00e9 este domingo, dia 12, em Campo Grande.<\/p>\n<p class=\"c-context__content\">&#13;<br \/>\n    <strong>LINK PRESENTE:<\/strong> Gostou deste texto? Assinante pode liberar sete acessos gratuitos de qualquer link por dia. Basta clicar no F azul abaixo.&#13;\n  <\/p>\n","protected":false},"excerpt":{"rendered":"A Mostra Internacional de Cinema em S\u00e3o Paulo sempre teve conex\u00e3o com a literatura, natural dada a frequ\u00eancia&hellip;\n","protected":false},"author":2,"featured_media":105833,"comment_status":"","ping_status":"","sticky":false,"template":"","format":"standard","meta":{"footnotes":""},"categories":[143],"tags":[169,470,114,115,1907,236,864,237,170,865,11605,5267,25430,716,32,33,19645,940],"class_list":{"0":"post-105832","1":"post","2":"type-post","3":"status-publish","4":"format-standard","5":"has-post-thumbnail","7":"category-livros","8":"tag-books","9":"tag-cinema","10":"tag-entertainment","11":"tag-entretenimento","12":"tag-escritores","13":"tag-folha","14":"tag-literatura","15":"tag-livro","16":"tag-livros","17":"tag-mercado-editorial","18":"tag-mostra","19":"tag-mostra-de-cinema","20":"tag-mostra-de-cinema-de-sp","21":"tag-netflix","22":"tag-portugal","23":"tag-pt","24":"tag-reese-witherspoon","25":"tag-streaming"},"share_on_mastodon":{"url":"","error":""},"_links":{"self":[{"href":"https:\/\/www.europesays.com\/pt\/wp-json\/wp\/v2\/posts\/105832","targetHints":{"allow":["GET"]}}],"collection":[{"href":"https:\/\/www.europesays.com\/pt\/wp-json\/wp\/v2\/posts"}],"about":[{"href":"https:\/\/www.europesays.com\/pt\/wp-json\/wp\/v2\/types\/post"}],"author":[{"embeddable":true,"href":"https:\/\/www.europesays.com\/pt\/wp-json\/wp\/v2\/users\/2"}],"replies":[{"embeddable":true,"href":"https:\/\/www.europesays.com\/pt\/wp-json\/wp\/v2\/comments?post=105832"}],"version-history":[{"count":0,"href":"https:\/\/www.europesays.com\/pt\/wp-json\/wp\/v2\/posts\/105832\/revisions"}],"wp:featuredmedia":[{"embeddable":true,"href":"https:\/\/www.europesays.com\/pt\/wp-json\/wp\/v2\/media\/105833"}],"wp:attachment":[{"href":"https:\/\/www.europesays.com\/pt\/wp-json\/wp\/v2\/media?parent=105832"}],"wp:term":[{"taxonomy":"category","embeddable":true,"href":"https:\/\/www.europesays.com\/pt\/wp-json\/wp\/v2\/categories?post=105832"},{"taxonomy":"post_tag","embeddable":true,"href":"https:\/\/www.europesays.com\/pt\/wp-json\/wp\/v2\/tags?post=105832"}],"curies":[{"name":"wp","href":"https:\/\/api.w.org\/{rel}","templated":true}]}}