{"id":105839,"date":"2025-10-11T02:44:12","date_gmt":"2025-10-11T02:44:12","guid":{"rendered":"https:\/\/www.europesays.com\/pt\/105839\/"},"modified":"2025-10-11T02:44:12","modified_gmt":"2025-10-11T02:44:12","slug":"discoteca-eskada-no-porto-pode-abrir-ate-as-seis-da-manha-ao-fim-de-semana-e-feriados","status":"publish","type":"post","link":"https:\/\/www.europesays.com\/pt\/105839\/","title":{"rendered":"Discoteca Eskada no Porto pode abrir at\u00e9 \u00e0s seis da manh\u00e3 ao fim de semana e feriados"},"content":{"rendered":"<p>No documento de deferimento a que o JN teve acesso, e que est\u00e1 assinado pela vereadora dos pelouros das Atividades Econ\u00f3micas e da Fiscaliza\u00e7\u00e3o, Filipa Correia Pinto, a discoteca compromete-se a cumprir uma s\u00e9rie de al\u00edneas, entre as quais a redu\u00e7\u00e3o do som e a contrata\u00e7\u00e3o de uma equipa para gerir o fluxo dos clientes<\/p>\n<p data-remotead-prev-elm=\"true\" data-remotead-elm-id=\"inread\">Em concreto, a Eskada determinou a &#8220;diminui\u00e7\u00e3o do volume da proje\u00e7\u00e3o da m\u00fasica no interior, prop\u00f5e-se a instalar um limitador de som certificado, contratou uma equipa de assistentes com vista a gerir o fluxo de entrada e sa\u00edda dos clientes do estabelecimento, prop\u00f5e negociar com as plataformas de transportes (TVDE) e com as empresas de t\u00e1xi a defini\u00e7\u00e3o de um ou mais pontos de recolha e largada de passageiros em zonas de menor densidade populacional, alterou o funcionamento da sua plataforma de bilhetes online com vista a refor\u00e7ar o controlo preventivo \u00e0 entrada dos clientes e a minimizar os incidentes em caso de recusa de entrada, encetou um di\u00e1logo de proximidade com os moradores da zona e solicitou formalmente \u00e0 PSP o refor\u00e7o das patrulhas na zona, nos dias em que o estabelecimento se encontre em funcionamento&#8221;.<\/p>\n<p>Pedidos pareceres \u00e0 Pol\u00edcia Municipal do Porto e \u00e0 PSP, sendo que esta \u00faltima \u00e9 a &#8220;principal respons\u00e1vel, nos termos da lei, pela manuten\u00e7\u00e3o da seguran\u00e7a e da ordem p\u00fablica&#8221;, a PSP deu parecer favor\u00e1vel. &#8220;Relativamente ao pedido do estabelecimento para alargar o hor\u00e1rio at\u00e9 \u00e0s 6 horas da manh\u00e3 ao fim de semana e feriados, este Comando \u00e9 da opini\u00e3o que o mesmo pode ser atendido&#8221;, pode ler-se.<\/p>\n<p data-remotead-prev-elm=\"true\" data-remotead-elm-id=\"centro1\">Assim sendo, a vereadora Filipa Correia Pinto prop\u00f4s &#8220;que o pedido seja parcialmente deferido [&#8230;.] com a advert\u00eancia de que se este Munic\u00edpio verificar que foi novamente comprometida a tranquilidade, a qualidade de vida dos cidad\u00e3os e a seguran\u00e7a na \u00e1rea adjacente ao estabelecimento, pode vir a decretar novas restri\u00e7\u00f5es&#8221;.<\/p>\n","protected":false},"excerpt":{"rendered":"No documento de deferimento a que o JN teve acesso, e que est\u00e1 assinado pela vereadora dos pelouros&hellip;\n","protected":false},"author":2,"featured_media":105840,"comment_status":"","ping_status":"","sticky":false,"template":"","format":"standard","meta":{"footnotes":""},"categories":[10],"tags":[27,28,20018,15,16,14,25,26,21,22,25432,12,13,19,20,32,23,24,1306,33,17,18,29,30,31],"class_list":{"0":"post-105839","1":"post","2":"type-post","3":"status-publish","4":"format-standard","5":"has-post-thumbnail","7":"category-portugal","8":"tag-breaking-news","9":"tag-breakingnews","10":"tag-concelho-porto","11":"tag-featured-news","12":"tag-featurednews","13":"tag-headlines","14":"tag-latest-news","15":"tag-latestnews","16":"tag-main-news","17":"tag-mainnews","18":"tag-movida-do-porto","19":"tag-news","20":"tag-noticias","21":"tag-noticias-principais","22":"tag-noticiasprincipais","23":"tag-portugal","24":"tag-principais-noticias","25":"tag-principaisnoticias","26":"tag-psp","27":"tag-pt","28":"tag-top-stories","29":"tag-topstories","30":"tag-ultimas","31":"tag-ultimas-noticias","32":"tag-ultimasnoticias"},"share_on_mastodon":{"url":"","error":""},"_links":{"self":[{"href":"https:\/\/www.europesays.com\/pt\/wp-json\/wp\/v2\/posts\/105839","targetHints":{"allow":["GET"]}}],"collection":[{"href":"https:\/\/www.europesays.com\/pt\/wp-json\/wp\/v2\/posts"}],"about":[{"href":"https:\/\/www.europesays.com\/pt\/wp-json\/wp\/v2\/types\/post"}],"author":[{"embeddable":true,"href":"https:\/\/www.europesays.com\/pt\/wp-json\/wp\/v2\/users\/2"}],"replies":[{"embeddable":true,"href":"https:\/\/www.europesays.com\/pt\/wp-json\/wp\/v2\/comments?post=105839"}],"version-history":[{"count":0,"href":"https:\/\/www.europesays.com\/pt\/wp-json\/wp\/v2\/posts\/105839\/revisions"}],"wp:featuredmedia":[{"embeddable":true,"href":"https:\/\/www.europesays.com\/pt\/wp-json\/wp\/v2\/media\/105840"}],"wp:attachment":[{"href":"https:\/\/www.europesays.com\/pt\/wp-json\/wp\/v2\/media?parent=105839"}],"wp:term":[{"taxonomy":"category","embeddable":true,"href":"https:\/\/www.europesays.com\/pt\/wp-json\/wp\/v2\/categories?post=105839"},{"taxonomy":"post_tag","embeddable":true,"href":"https:\/\/www.europesays.com\/pt\/wp-json\/wp\/v2\/tags?post=105839"}],"curies":[{"name":"wp","href":"https:\/\/api.w.org\/{rel}","templated":true}]}}