{"id":105860,"date":"2025-10-11T03:14:22","date_gmt":"2025-10-11T03:14:22","guid":{"rendered":"https:\/\/www.europesays.com\/pt\/105860\/"},"modified":"2025-10-11T03:14:22","modified_gmt":"2025-10-11T03:14:22","slug":"rui-pedro-tendinha-deram-me-cinco-minutos-com-o-tarantino-foram-os-melhores-cinco-minutos-da-minha-vida-profissional","status":"publish","type":"post","link":"https:\/\/www.europesays.com\/pt\/105860\/","title":{"rendered":"Rui Pedro Tendinha: \u201cDeram-me cinco minutos com o Tarantino. Foram os melhores cinco minutos da minha vida profissional\u201d"},"content":{"rendered":"<p>O cr\u00edtico e curador de cinema partilha algumas das suas aventuras em entrevistas com Julie Andrews e Quentin Tarantino, que est\u00e3o tamb\u00e9m reunidas no seu novo livro.<\/p>\n<p>Nuno Fox<\/p>\n<p>Rui Pedro Tendinha partilha tamb\u00e9m os seus filmes e comida favorita e prop\u00f5e uma estrat\u00e9gia para colocar Portugal no mapa de Hollywood.<\/p>\n<p style=\"text-align: start;\">Tony Gon\u00e7alves nasceu no norte de Portugal em 1973 e, com quatro anos, emigrou com os pais para os EUA. A n\u00edvel profissional, passou por empresas como a Sharp Electronics, Samsung e WarnerMedia, onde chegou a chief revenue officer, gerindo receitas e investimentos na \u00e1rea das vendas de publicidade, streaming e entretenimento.<\/p>\n<p style=\"text-align: start;\">Com a miss\u00e3o de colocar empresas e l\u00edderes portugueses no plano internacional, Tony fundou o <a href=\"https:\/\/www.evrosegroup.com\/?\" target=\"_blank\" rel=\"noopener noreferrer nofollow\">Grupo Evrose<\/a> para orientar e aconselhar empresas portuguesas no crescimento e transforma\u00e7\u00e3o dos seus neg\u00f3cios.<\/p>\n<p style=\"text-align: start;\">No in\u00edcio de 2024 reuniu o Tribeca, com sede em Nova Iorque, e a SIC, com a sua plataforma de streaming OPTO, para juntos lan\u00e7arem a primeira edi\u00e7\u00e3o do Festival Tribeca fora dos EUA. Tony Gon\u00e7alves tornou-se assim o produtor executivo do Tribeca Festival Lisboa, que aconteceu entre 18 e 19 de outubro de 2024.<\/p>\n<p style=\"text-align: start;\">\u2018The Heart &amp; Hustle of Portugal\u2019 \u00e9 o seu primeiro podcast e tem o objetivo de juntar uma comunidade apaixonada por Portugal \u00e0 volta de uma s\u00e9rie de conversas com grandes protagonistas nacionais e internacionais ligados ao pa\u00eds e ao mundo cultural e empresarial.<\/p>\n","protected":false},"excerpt":{"rendered":"O cr\u00edtico e curador de cinema partilha algumas das suas aventuras em entrevistas com Julie Andrews e Quentin&hellip;\n","protected":false},"author":2,"featured_media":105861,"comment_status":"","ping_status":"","sticky":false,"template":"","format":"standard","meta":{"footnotes":""},"categories":[85],"tags":[114,115,32,33],"class_list":{"0":"post-105860","1":"post","2":"type-post","3":"status-publish","4":"format-standard","5":"has-post-thumbnail","7":"category-entretenimento","8":"tag-entertainment","9":"tag-entretenimento","10":"tag-portugal","11":"tag-pt"},"share_on_mastodon":{"url":"","error":""},"_links":{"self":[{"href":"https:\/\/www.europesays.com\/pt\/wp-json\/wp\/v2\/posts\/105860","targetHints":{"allow":["GET"]}}],"collection":[{"href":"https:\/\/www.europesays.com\/pt\/wp-json\/wp\/v2\/posts"}],"about":[{"href":"https:\/\/www.europesays.com\/pt\/wp-json\/wp\/v2\/types\/post"}],"author":[{"embeddable":true,"href":"https:\/\/www.europesays.com\/pt\/wp-json\/wp\/v2\/users\/2"}],"replies":[{"embeddable":true,"href":"https:\/\/www.europesays.com\/pt\/wp-json\/wp\/v2\/comments?post=105860"}],"version-history":[{"count":0,"href":"https:\/\/www.europesays.com\/pt\/wp-json\/wp\/v2\/posts\/105860\/revisions"}],"wp:featuredmedia":[{"embeddable":true,"href":"https:\/\/www.europesays.com\/pt\/wp-json\/wp\/v2\/media\/105861"}],"wp:attachment":[{"href":"https:\/\/www.europesays.com\/pt\/wp-json\/wp\/v2\/media?parent=105860"}],"wp:term":[{"taxonomy":"category","embeddable":true,"href":"https:\/\/www.europesays.com\/pt\/wp-json\/wp\/v2\/categories?post=105860"},{"taxonomy":"post_tag","embeddable":true,"href":"https:\/\/www.europesays.com\/pt\/wp-json\/wp\/v2\/tags?post=105860"}],"curies":[{"name":"wp","href":"https:\/\/api.w.org\/{rel}","templated":true}]}}