{"id":105866,"date":"2025-10-11T03:24:12","date_gmt":"2025-10-11T03:24:12","guid":{"rendered":"https:\/\/www.europesays.com\/pt\/105866\/"},"modified":"2025-10-11T03:24:12","modified_gmt":"2025-10-11T03:24:12","slug":"megadeth-vem-ao-brasil-em-2026-revela-jornalista","status":"publish","type":"post","link":"https:\/\/www.europesays.com\/pt\/105866\/","title":{"rendered":"Megadeth vem ao Brasil em 2026, revela jornalista"},"content":{"rendered":"<p>O jornalista <a href=\"https:\/\/www.youtube.com\/watch?v=l4eXCHQRn_I\" rel=\"nofollow noopener\" target=\"_blank\">Jos\u00e9 Norberto Flesch<\/a> anunciou em suas redes que o Megadeth vir\u00e1 ao Brasil entre abril e maio de 2026. A banda de Dave Mustaine far\u00e1 uma longa turn\u00ea pela Am\u00e9rica do Sul no per\u00edodo. Os shows devem ser os \u00faltimos do grupo no continente, j\u00e1 que o pr\u00f3ximo giro marcar\u00e1 sua despedida dos palcos.<\/p>\n<p>A excurs\u00e3o em quest\u00e3o tamb\u00e9m servir\u00e1 para divulgar o \u00e1lbum que leva o nome do quarteto. O trabalho de est\u00fadio sai oficialmente no dia 23 de janeiro. Ser\u00e1 o primeiro \u2013 e possivelmente \u00fanico \u2013 a contar com o guitarrista finland\u00eas Teemu M\u00e4ntysaari, substituto do brasileiro <a href=\"https:\/\/whiplash.net\/bandas\/k\/kikoloureiro.html\" class=\"hotwords\" rel=\"nofollow noopener\" target=\"_blank\">Kiko Loureiro<\/a>. A forma\u00e7\u00e3o ainda conta com o baixista James LoMenzo e o baterista Dirk Verbeuren.<\/p>\n<p><a href=\"https:\/\/whiplash.net\/bandas\/m\/megadeth.html\" class=\"linkBotao\" rel=\"nofollow noopener\" target=\"_blank\">Megadeth &#8211; Mais Novidades<\/a><\/p>\n<p>CONTINUA DEPOIS DA PUBLICIDADE &#8211; CLI<\/p>\n<p>&#13;<br \/>\n&#13;<br \/>\n&#13;<br \/>\n&#13;<br \/>\n&#13;<br \/>\n&#13;<br \/>\n&#13;<br \/>\n&#13;<br \/>\n<a href=\"https:\/\/whiplash.net\/materias\/whiplash\/027002.html\" rel=\"nofollow noopener\" target=\"_blank\"><img decoding=\"async\" src=\"https:\/\/www.europesays.com\/pt\/wp-content\/uploads\/2025\/10\/anunciar_diabo_336x280.gif\" loading=\"lazy\" width=\"336\" height=\"280\" class=\"widthConstrained\" style=\"background-color:#000000;display:block;\" alt=\"Anunciar bandas e shows de Rock e Heavy Metal\"\/><\/a>&#13;<\/p>\n<p><a target=\"_blank\" href=\"https:\/\/www.europesays.com\/pt\/wp-content\/uploads\/2025\/08\/megadeth_mustaine_hands.jpg\"><img loading=\"lazy\" decoding=\"async\" src=\"https:\/\/www.europesays.com\/pt\/wp-content\/uploads\/2025\/08\/megadeth_mustaine_hands.jpg\" class=\"widthConstrained\" width=\"700\" height=\"509\" alt=\"Foto: Site Oficial - Michael Johanson\"\/><\/a>Foto: Site Oficial &#8211; Michael Johanson<\/p>\n<p>Em se confirmando, ser\u00e1 a 17\u00aa passagem do conjunto pelo pa\u00eds, em uma rela\u00e7\u00e3o que se iniciou na segunda edi\u00e7\u00e3o do Rock in Rio, realizada no ano de 1991. A vinda mais recente se deu em abril de 2024, com apenas um concerto em S\u00e3o Paulo.<\/p>\n<p>Fundado em 1983, ap\u00f3s a sa\u00edda de <a href=\"https:\/\/whiplash.net\/bandas\/d\/davemustaine.html\" class=\"hotwords\" rel=\"nofollow noopener\" target=\"_blank\">Dave Mustaine<\/a> do <a href=\"https:\/\/whiplash.net\/bandas\/m\/metallica.html\" class=\"hotwords\" rel=\"nofollow noopener\" target=\"_blank\">Metallica<\/a>, o <a href=\"https:\/\/whiplash.net\/bandas\/m\/megadeth.html\" class=\"hotwords\" rel=\"nofollow noopener\" target=\"_blank\">Megadeth<\/a> vendeu mais de 50 milh\u00f5es de c\u00f3pias dos seus discos em todo o planeta. Junto da antiga banda do l\u00edder, al\u00e9m de <a href=\"https:\/\/whiplash.net\/bandas\/s\/slayer.html\" class=\"hotwords\" rel=\"nofollow noopener\" target=\"_blank\">Slayer<\/a> e <a href=\"https:\/\/whiplash.net\/bandas\/a\/anthrax.html\" class=\"hotwords\" rel=\"nofollow noopener\" target=\"_blank\">Anthrax<\/a>, o grupo faz parte do Big Four do thrash metal norte-americano.<\/p>\n<p>CONTINUA DEPOIS DA PUBLICIDADE &#8211; GOO<\/p>\n<p>&#13;<br \/>\n&#13;<br \/>\n&#13;<br \/>\n&#13;<br \/>\n<a href=\"https:\/\/whiplash.net\/materias\/whiplash\/027002.html\" rel=\"nofollow noopener\" target=\"_blank\"><img decoding=\"async\" src=\"https:\/\/www.europesays.com\/pt\/wp-content\/uploads\/2025\/10\/anunciar_diabo_336x280.gif\" loading=\"lazy\" width=\"336\" height=\"280\" alt=\"Anunciar no Whiplash.Net\"\/><\/a>&#13;<br \/>\n&#13;<br \/>\n&#13;<br \/>\n&#13;<br \/>\n&#13;<br \/>\n&#13;<br \/>\n<a href=\"https:\/\/whiplash.net\/materias\/whiplash\/027002.html\" rel=\"nofollow noopener\" target=\"_blank\"><img decoding=\"async\" src=\"https:\/\/www.europesays.com\/pt\/wp-content\/uploads\/2025\/10\/anunciar_diabo_336x280.gif\" loading=\"lazy\" width=\"336\" height=\"280\" class=\"widthConstrained\" style=\"background-color:#000000;display:block;\" alt=\"Anunciar bandas e shows de Rock e Heavy Metal\"\/><\/a>&#13;<\/p>\n","protected":false},"excerpt":{"rendered":"O jornalista Jos\u00e9 Norberto Flesch anunciou em suas redes que o Megadeth vir\u00e1 ao Brasil entre abril e&hellip;\n","protected":false},"author":2,"featured_media":34915,"comment_status":"","ping_status":"","sticky":false,"template":"","format":"standard","meta":{"footnotes":""},"categories":[141],"tags":[114,115,149,150,32,33],"class_list":{"0":"post-105866","1":"post","2":"type-post","3":"status-publish","4":"format-standard","5":"has-post-thumbnail","7":"category-musica","8":"tag-entertainment","9":"tag-entretenimento","10":"tag-music","11":"tag-musica","12":"tag-portugal","13":"tag-pt"},"share_on_mastodon":{"url":"","error":""},"_links":{"self":[{"href":"https:\/\/www.europesays.com\/pt\/wp-json\/wp\/v2\/posts\/105866","targetHints":{"allow":["GET"]}}],"collection":[{"href":"https:\/\/www.europesays.com\/pt\/wp-json\/wp\/v2\/posts"}],"about":[{"href":"https:\/\/www.europesays.com\/pt\/wp-json\/wp\/v2\/types\/post"}],"author":[{"embeddable":true,"href":"https:\/\/www.europesays.com\/pt\/wp-json\/wp\/v2\/users\/2"}],"replies":[{"embeddable":true,"href":"https:\/\/www.europesays.com\/pt\/wp-json\/wp\/v2\/comments?post=105866"}],"version-history":[{"count":0,"href":"https:\/\/www.europesays.com\/pt\/wp-json\/wp\/v2\/posts\/105866\/revisions"}],"wp:featuredmedia":[{"embeddable":true,"href":"https:\/\/www.europesays.com\/pt\/wp-json\/wp\/v2\/media\/34915"}],"wp:attachment":[{"href":"https:\/\/www.europesays.com\/pt\/wp-json\/wp\/v2\/media?parent=105866"}],"wp:term":[{"taxonomy":"category","embeddable":true,"href":"https:\/\/www.europesays.com\/pt\/wp-json\/wp\/v2\/categories?post=105866"},{"taxonomy":"post_tag","embeddable":true,"href":"https:\/\/www.europesays.com\/pt\/wp-json\/wp\/v2\/tags?post=105866"}],"curies":[{"name":"wp","href":"https:\/\/api.w.org\/{rel}","templated":true}]}}