{"id":105881,"date":"2025-10-11T03:55:04","date_gmt":"2025-10-11T03:55:04","guid":{"rendered":"https:\/\/www.europesays.com\/pt\/105881\/"},"modified":"2025-10-11T03:55:04","modified_gmt":"2025-10-11T03:55:04","slug":"como-treinar-sem-prejudicar-a-coluna","status":"publish","type":"post","link":"https:\/\/www.europesays.com\/pt\/105881\/","title":{"rendered":"Como treinar sem prejudicar a coluna?"},"content":{"rendered":"<p>Fazer academia colabora significativamente para a <a href=\"https:\/\/boaforma.abril.com.br\/tudo-sobre\/saude\" rel=\"nofollow noopener\" target=\"_blank\">sa\u00fade<\/a> e o bem-estar geral do organismo. No entanto, para garantir que o treino seja ben\u00e9fico, a execu\u00e7\u00e3o correta e a carga adequada est\u00e3o entre os pilares mais importantes. Quando feitos sem o devido cuidado, os exerc\u00edcios podem <strong>prejudicar a coluna vertebral<\/strong>, aumentando o risco de les\u00f5es e dores.<\/p>\n<p>De acordo com o neurocirurgi\u00e3o\u00a0<strong>Lucas Vasconcellos<\/strong>, especialista em coluna, se realizados do jeito errado, muitos exerc\u00edcios podem <a href=\"https:\/\/boaforma.abril.com.br\/coluna\/boa-forma-responde\/alongar-faz-bem-para-coluna\/\" target=\"_blank\" rel=\"noopener nofollow\">sobrecarregar a coluna<\/a> e provocar danos significativos.<\/p>\n<p>Ele conta que os <strong>movimentos que envolvem carga axial<\/strong>, como levantamento de peso e uso de pesos livres, quando feitos sem a postura correta ou com exagero de carga, podem gerar uma<strong> press\u00e3o desproporcional sobre as v\u00e9rtebras<\/strong>, afetando as regi\u00f5es cervical, tor\u00e1cica e <a href=\"https:\/\/boaforma.abril.com.br\/movimento\/7-alongamentos-para-reduzir-a-dor-lombar\/\" rel=\"nofollow noopener\" target=\"_blank\">lombar<\/a>.<\/p>\n<p>\u201cExerc\u00edcios com carga axial geram uma carga enorme sobre a coluna, aumentando o risco de les\u00f5es graves, como h\u00e9rnias de disco\u201d, afirma.<\/p>\n<p>A<strong> falta de cuidado na execu\u00e7\u00e3o<\/strong> ainda pode desencadear dores cr\u00f4nicas e inflama\u00e7\u00f5es. O m\u00e9dico conta que uma das queixas mais comuns entre as pessoas que treinam \u00e9 a <a href=\"https:\/\/boaforma.abril.com.br\/coluna\/boa-forma-responde\/levantar-peso-faz-mal-para-coluna\/\" target=\"_blank\" rel=\"noopener nofollow\">dor na lombar<\/a>.<\/p>\n<p>    Continua ap\u00f3s a publicidade<\/p>\n<p>\u201cEm primeiro lugar, surgem as dores, seguidas por contraturas musculares ou at\u00e9 atrito nas articula\u00e7\u00f5es, que evoluem para processos inflamat\u00f3rios locais. A longo prazo, podem surgir <a href=\"https:\/\/boaforma.abril.com.br\/equilibrio\/hernia-disco-causa-dor-intensa-fraqueza-muscular\/\" target=\"_blank\" rel=\"noopener nofollow\">condi\u00e7\u00f5es mais graves<\/a>\u201c, alerta.<\/p>\n<p>A falta de equil\u00edbrio, de uma boa postura, de prepara\u00e7\u00e3o muscular e de supervis\u00e3o profissional pode transformar uma s\u00e9rie de exerc\u00edcios em uma amea\u00e7a \u00e0 sa\u00fade da coluna.<\/p>\n<p>Os cuidados com a coluna durante os treinos<\/p>\n<p>O neurocirurgi\u00e3o revela que os exerc\u00edcios mais vantajosos para a coluna s\u00e3o aqueles que <strong>trabalham o core e as coxas<\/strong>. Mas \u00e9 claro, se feitos de forma errada, eles tamb\u00e9m podem ser prejudiciais.<\/p>\n<p>    Continua ap\u00f3s a publicidade<\/p>\n<p>\u201cOs quatro exerc\u00edcios que mais gosto para fortalecer a <a href=\"https:\/\/boaforma.abril.com.br\/movimento\/musculos-da-coxa\/\" rel=\"nofollow noopener\" target=\"_blank\">coxa<\/a> s\u00e3o: <a href=\"https:\/\/boaforma.abril.com.br\/movimento\/cadeira-flexora\/\" rel=\"nofollow noopener\" target=\"_blank\">cadeira flexora<\/a>, cadeira extensora,<a href=\"https:\/\/boaforma.abril.com.br\/web-stories-abril\/ative-gluteo-dicas-cadeira-abdutora-com-eficiencia\/\" target=\"_blank\" rel=\"noopener nofollow\"> cadeira abdutora<\/a> e cadeira adutora\u201d, diz Vasconcellos.<\/p>\n<p>Fortalecer essa regi\u00e3o colabora para a preven\u00e7\u00e3o de dores e les\u00f5es na coluna, al\u00e9m de favorecer a postura e a estabilidade do corpo.<\/p>\n<p><strong>Modalidades de baixo impacto<\/strong>, por exemplo, <a href=\"https:\/\/boaforma.abril.com.br\/tudo-sobre\/caminhada\" rel=\"nofollow noopener\" target=\"_blank\">caminhada<\/a> e bicicleta, tamb\u00e9m s\u00e3o grandes aliadas para desenvolver condicionamento f\u00edsico sem sobrecarregar as articula\u00e7\u00f5es e a coluna.<\/p>\n<p>    Continua ap\u00f3s a publicidade<\/p>\n<p>\u201cAtividades aqu\u00e1ticas, como<a href=\"https:\/\/boaforma.abril.com.br\/movimento\/hidroginastica-natacao-diferencas\/\" target=\"_blank\" rel=\"noopener nofollow\"> nata\u00e7\u00e3o e hidrogin\u00e1stica<\/a>, s\u00e3o \u00f3timas op\u00e7\u00f5es para fortalecer os membros superiores e preservar a sa\u00fade da coluna\u201d, completa.<\/p>\n<p>Vasconcellos ressalta que a<strong> progress\u00e3o gradual do peso e a aten\u00e7\u00e3o \u00e0 postura<\/strong> s\u00e3o indispens\u00e1veis para evitar les\u00f5es.<\/p>\n<p>\u201cSempre recomendo come\u00e7ar com cargas leves e aumentar progressivamente, conforme o corpo vai se adaptando ao <a href=\"https:\/\/boaforma.abril.com.br\/tudo-sobre\/exercicio-fisico\/\" rel=\"nofollow noopener\" target=\"_blank\">exerc\u00edcio<\/a> e fortalecendo a musculatura\u201d, orienta.<\/p>\n<p>    Continua ap\u00f3s a publicidade<\/p>\n<p>A <strong>supervis\u00e3o de profissionais<\/strong> \u00e9 outro fator que faz toda a diferen\u00e7a para garantir que a pr\u00e1tica seja segura e eficaz.<\/p>\n<p>Acompanhe o nosso WhatsApp<\/p>\n<p>Quer receber as \u00faltimas dicas e mat\u00e9rias incr\u00edveis de Boa Forma direto no seu celular? \u00c9 s\u00f3 se inscrever aqui, <a href=\"https:\/\/www.whatsapp.com\/channel\/0029VaCoC4w4dTnE4SGcEs1K\" rel=\"nofollow noopener\" target=\"_blank\">no nosso canal no WhatsApp<\/a>.<\/p>\n<p>Newsletter<\/p>\n<p>\n                            Dicas de fitness, alimenta\u00e7\u00e3o, beleza, sa\u00fade e bem-estar para uma rotina equilibrada. E o melhor: sem pagar nada por isso.<br \/>\n                                <strong><br \/>\n                                    Inscreva-se aqui<br \/>\n                                <\/strong>para receber a nossa newsletter<\/p>\n<p>                            Cadastro efetuado com sucesso!<\/p>\n<p>Voc\u00ea receber\u00e1 nossa newsletter em breve.<\/p>\n","protected":false},"excerpt":{"rendered":"Fazer academia colabora significativamente para a sa\u00fade e o bem-estar geral do organismo. No entanto, para garantir que&hellip;\n","protected":false},"author":2,"featured_media":105882,"comment_status":"","ping_status":"","sticky":false,"template":"","format":"standard","meta":{"footnotes":""},"categories":[86],"tags":[116,32,33,117],"class_list":{"0":"post-105881","1":"post","2":"type-post","3":"status-publish","4":"format-standard","5":"has-post-thumbnail","7":"category-saude","8":"tag-health","9":"tag-portugal","10":"tag-pt","11":"tag-saude"},"share_on_mastodon":{"url":"","error":""},"_links":{"self":[{"href":"https:\/\/www.europesays.com\/pt\/wp-json\/wp\/v2\/posts\/105881","targetHints":{"allow":["GET"]}}],"collection":[{"href":"https:\/\/www.europesays.com\/pt\/wp-json\/wp\/v2\/posts"}],"about":[{"href":"https:\/\/www.europesays.com\/pt\/wp-json\/wp\/v2\/types\/post"}],"author":[{"embeddable":true,"href":"https:\/\/www.europesays.com\/pt\/wp-json\/wp\/v2\/users\/2"}],"replies":[{"embeddable":true,"href":"https:\/\/www.europesays.com\/pt\/wp-json\/wp\/v2\/comments?post=105881"}],"version-history":[{"count":0,"href":"https:\/\/www.europesays.com\/pt\/wp-json\/wp\/v2\/posts\/105881\/revisions"}],"wp:featuredmedia":[{"embeddable":true,"href":"https:\/\/www.europesays.com\/pt\/wp-json\/wp\/v2\/media\/105882"}],"wp:attachment":[{"href":"https:\/\/www.europesays.com\/pt\/wp-json\/wp\/v2\/media?parent=105881"}],"wp:term":[{"taxonomy":"category","embeddable":true,"href":"https:\/\/www.europesays.com\/pt\/wp-json\/wp\/v2\/categories?post=105881"},{"taxonomy":"post_tag","embeddable":true,"href":"https:\/\/www.europesays.com\/pt\/wp-json\/wp\/v2\/tags?post=105881"}],"curies":[{"name":"wp","href":"https:\/\/api.w.org\/{rel}","templated":true}]}}