{"id":105885,"date":"2025-10-11T04:07:08","date_gmt":"2025-10-11T04:07:08","guid":{"rendered":"https:\/\/www.europesays.com\/pt\/105885\/"},"modified":"2025-10-11T04:07:08","modified_gmt":"2025-10-11T04:07:08","slug":"veja-a-possivel-data-de-lancamento-do-reboot-da-marvel","status":"publish","type":"post","link":"https:\/\/www.europesays.com\/pt\/105885\/","title":{"rendered":"Veja a poss\u00edvel data de lan\u00e7amento do reboot da Marvel"},"content":{"rendered":"<p>O insider Jeff Sneider, conhecido por vazar informa\u00e7\u00f5es confidenciais sobre Hollywood, revelou que o novo filme dos <a href=\"http:\/\/observatoriodocinema.uol.com.br\/tag\/X-Men\/\" target=\"_blank\" rel=\"noopener nofollow\">X-Men<\/a> chega aos cinemas em 5 de maio de 2028. Apesar da informa\u00e7\u00e3o n\u00e3o ter sido oficializada pela Marvel Studios, o que se sabe \u00e9 que a data est\u00e1 reservada para um filme indefinido.<\/p>\n<p>Os X-Men s\u00e3o uma equipe de super-her\u00f3is mutantes da Marvel Comics, conhecidos por suas habilidades extraordin\u00e1rias e por lutar contra o preconceito e a discrimina\u00e7\u00e3o. <\/p>\n<p>Criados por Stan Lee e Jack Kirby, a equipe original inclu\u00eda Ciclope, Garota Marvel, Homem de Gelo, Fera, Anjo e o Professor X. Desde sua estreia nos cinemas em 2000, a franquia ganhou destaque com filmes como X-Men: Dias de um Futuro Esquecido e Logan. Com a aquisi\u00e7\u00e3o da 20th Century Fox pela Disney, os X-Men foram oficialmente integrados ao Universo Cinematogr\u00e1fico Marvel (MCU). <\/p>\n<p>Antes do reboot, os <a href=\"http:\/\/observatoriodocinema.uol.com.br\/tag\/X-Men\/\" target=\"_blank\" rel=\"noopener nofollow\">X-Men<\/a> ir\u00e3o aparecer em <a href=\"https:\/\/observatoriodocinema.uol.com.br\/tag\/vingadores-doomsday\/\" target=\"_blank\" rel=\"noopener nofollow\">Vingadores: Doomsday<\/a>, previsto para 18 de dezembro de 2026, reunindo her\u00f3is de diferentes franquias em uma batalha \u00e9pica contra o Doutor Destino. <\/p>\n<p>O filme pr\u00f3prio da equipe s\u00f3 estreia nos cinemas em 5 de maio de 2028, marcando o in\u00edcio de uma nova fase para os mutantes no MCU, com um elenco jovem e uma abordagem renovada.<\/p>\n<p>O post <a rel=\"nofollow noopener\" href=\"https:\/\/observatoriodocinema.com.br\/filmes\/x-men-veja-a-possivel-data-de-lancamento-do-reboot-da-marvel\/\" target=\"_blank\">X-Men: Veja a poss\u00edvel data de lan\u00e7amento do reboot da Marvel<\/a> apareceu primeiro em <a rel=\"nofollow noopener\" href=\"https:\/\/observatoriodocinema.com.br\" target=\"_blank\">Observat\u00f3rio do Cinema<\/a>.<\/p>\n","protected":false},"excerpt":{"rendered":"O insider Jeff Sneider, conhecido por vazar informa\u00e7\u00f5es confidenciais sobre Hollywood, revelou que o novo filme dos X-Men&hellip;\n","protected":false},"author":2,"featured_media":105886,"comment_status":"","ping_status":"","sticky":false,"template":"","format":"standard","meta":{"footnotes":""},"categories":[140],"tags":[114,115,147,148,146,32,33],"class_list":{"0":"post-105885","1":"post","2":"type-post","3":"status-publish","4":"format-standard","5":"has-post-thumbnail","7":"category-filmes","8":"tag-entertainment","9":"tag-entretenimento","10":"tag-film","11":"tag-filmes","12":"tag-movies","13":"tag-portugal","14":"tag-pt"},"share_on_mastodon":{"url":"","error":""},"_links":{"self":[{"href":"https:\/\/www.europesays.com\/pt\/wp-json\/wp\/v2\/posts\/105885","targetHints":{"allow":["GET"]}}],"collection":[{"href":"https:\/\/www.europesays.com\/pt\/wp-json\/wp\/v2\/posts"}],"about":[{"href":"https:\/\/www.europesays.com\/pt\/wp-json\/wp\/v2\/types\/post"}],"author":[{"embeddable":true,"href":"https:\/\/www.europesays.com\/pt\/wp-json\/wp\/v2\/users\/2"}],"replies":[{"embeddable":true,"href":"https:\/\/www.europesays.com\/pt\/wp-json\/wp\/v2\/comments?post=105885"}],"version-history":[{"count":0,"href":"https:\/\/www.europesays.com\/pt\/wp-json\/wp\/v2\/posts\/105885\/revisions"}],"wp:featuredmedia":[{"embeddable":true,"href":"https:\/\/www.europesays.com\/pt\/wp-json\/wp\/v2\/media\/105886"}],"wp:attachment":[{"href":"https:\/\/www.europesays.com\/pt\/wp-json\/wp\/v2\/media?parent=105885"}],"wp:term":[{"taxonomy":"category","embeddable":true,"href":"https:\/\/www.europesays.com\/pt\/wp-json\/wp\/v2\/categories?post=105885"},{"taxonomy":"post_tag","embeddable":true,"href":"https:\/\/www.europesays.com\/pt\/wp-json\/wp\/v2\/tags?post=105885"}],"curies":[{"name":"wp","href":"https:\/\/api.w.org\/{rel}","templated":true}]}}