{"id":105889,"date":"2025-10-11T04:16:26","date_gmt":"2025-10-11T04:16:26","guid":{"rendered":"https:\/\/www.europesays.com\/pt\/105889\/"},"modified":"2025-10-11T04:16:26","modified_gmt":"2025-10-11T04:16:26","slug":"angelina-jolie-diz-que-nunca-mais-voltou-a-vinicola-que-dividia-com-brad-pitt-desde-o-divorcio-celebridades","status":"publish","type":"post","link":"https:\/\/www.europesays.com\/pt\/105889\/","title":{"rendered":"Angelina Jolie diz que nunca mais voltou \u00e0 vin\u00edcola que dividia com Brad Pitt desde o div\u00f3rcio | Celebridades"},"content":{"rendered":"<p>                                        Brad Pitt e Angelina Jolie tiveram uma separa\u00e7\u00e3o conturbada &#8211; Reprodu\u00e7\u00e3o \/ YouTube<\/p>\n<p class=\"content-media__description\">Brad Pitt e Angelina Jolie tiveram uma separa\u00e7\u00e3o conturbadaReprodu\u00e7\u00e3o \/ YouTube<\/p>\n<p>                            Publicado 10\/10\/2025 10:05\n                    <\/p>\n<p>A atriz Angelina Jolie, de 50 anos, afirma que desde a separa\u00e7\u00e3o com Brad Pitt, 61, em 2016, ela e seus seis filhos n\u00e3o pisaram mais no Chat\u00eaau Miraval, vin\u00edcola no sudeste da Fran\u00e7a que o ex-casal possu\u00eda em conjunto. Documentos do advogado da artista, divulgados pela revista &#8220;People&#8221; nesta quinta-feira (9), revelam novos detalhes da batalha judicial pela propriedade.<\/p>\n<p>De acordo com o relat\u00f3rio, apresentado no Tribunal Superior do Condado de Los Angeles na \u00faltima segunda-feira (6), a artista disse que deixou ao ator &#8220;o controle (e resid\u00eancia completa) de nossas casas de fam\u00edlia em Los Angeles e em Miraval, sem compensa\u00e7\u00e3o, na esperan\u00e7a de que isso o deixasse mais calmo em seu modo de lidar comigo ap\u00f3s um per\u00edodo dif\u00edcil e traum\u00e1tico&#8221;.<\/p>\n<p>Ela ainda destaca que o lugar, apesar de ter sido marcante para a fam\u00edlia, tamb\u00e9m traz recorda\u00e7\u00f5es negativas. &#8220;At\u00e9 hoje, as crian\u00e7as e eu nunca mais colocamos os p\u00e9s na propriedade, devido \u00e0 sua liga\u00e7\u00e3o com os eventos dolorosos que levaram ao div\u00f3rcio&#8221;, declarou. Jolie argumentou, ainda, que depois da separa\u00e7\u00e3o, procurou uma casa nova para ela e as crian\u00e7as.<\/p>\n<p>&#8220;Como eu queria garantir que Brad continuasse sendo uma parte importante da vida de nossos filhos, procurei comprar uma casa perto da dele. Na \u00e9poca, minhas economias estavam presas em Miraval, e eu n\u00e3o havia pedido pens\u00e3o ou qualquer outro tipo de apoio financeiro a Brad.&#8221;<\/p>\n<p>A disputa na Justi\u00e7a pela vin\u00edcola j\u00e1 dura anos. Jolie vendeu sua parte da vin\u00edcola para a Tenute del Mondo, divis\u00e3o de vinhos do Stoli Group, em 2021. J\u00e1 em fevereiro de 2022, o ator entrou com um processo alegando que a sua ex-mulher fez a venda apesar de um acordo pr\u00e9vio de que nenhum dos dois o faria sem a aprova\u00e7\u00e3o do outro.<\/p>\n<p>Angelina respondeu a Brad com outra a\u00e7\u00e3o, em setembro de 2022, afirmando que ele vem &#8220;travando uma guerra vingativa&#8221; contra ela desde o in\u00edcio do processo de div\u00f3rcio, em 2016.<\/p>\n<p>&#8220;Esta \u00e9 uma disputa comercial, totalmente separada do div\u00f3rcio. \u00c9 lament\u00e1vel, mas n\u00e3o surpreendente, que agora estejam sendo criadas &#8216;desculpas&#8217; para a falta de produ\u00e7\u00e3o de e-mails nas investiga\u00e7\u00f5es&#8221;, disse a atriz no documento apresentado nesta segunda-feira. Ela tamb\u00e9m detalhou o valor sentimental da propriedade.<\/p>\n<p>&#8220;Era um ponto central da nossa vida familiar. N\u00f3s nos casamos l\u00e1, passei parte da minha gravidez l\u00e1 e levei nossos filhos g\u00eameos para casa de l\u00e1, depois do hospital. Ter uma ruptura t\u00e3o repentina com meu lar e minhas lembran\u00e7as tem sido dif\u00edcil, e foi especialmente doloroso para as crian\u00e7as verem suas vidas t\u00e3o abaladas.&#8221;<\/p>\n<p>Jolie e Pitt, que t\u00eam seis filhos &#8211; Maddox, 24, Pax, 21, Zahara, 20, Shiloh, 19, e os g\u00eameos Vivienne e Knox, 17 &#8211; se separaram ap\u00f3s 12 anos juntos e dois de casamento.<\/p>\n","protected":false},"excerpt":{"rendered":"Brad Pitt e Angelina Jolie tiveram uma separa\u00e7\u00e3o conturbada &#8211; Reprodu\u00e7\u00e3o \/ YouTube Brad Pitt e Angelina Jolie&hellip;\n","protected":false},"author":2,"featured_media":105890,"comment_status":"","ping_status":"","sticky":false,"template":"","format":"standard","meta":{"footnotes":""},"categories":[145],"tags":[20808,8151,211,210,1979,114,115,32,33],"class_list":{"0":"post-105889","1":"post","2":"type-post","3":"status-publish","4":"format-standard","5":"has-post-thumbnail","7":"category-celebridades","8":"tag-angelina-jolie","9":"tag-brad-pitt","10":"tag-celebridades","11":"tag-celebrities","12":"tag-divorcio","13":"tag-entertainment","14":"tag-entretenimento","15":"tag-portugal","16":"tag-pt"},"share_on_mastodon":{"url":"","error":""},"_links":{"self":[{"href":"https:\/\/www.europesays.com\/pt\/wp-json\/wp\/v2\/posts\/105889","targetHints":{"allow":["GET"]}}],"collection":[{"href":"https:\/\/www.europesays.com\/pt\/wp-json\/wp\/v2\/posts"}],"about":[{"href":"https:\/\/www.europesays.com\/pt\/wp-json\/wp\/v2\/types\/post"}],"author":[{"embeddable":true,"href":"https:\/\/www.europesays.com\/pt\/wp-json\/wp\/v2\/users\/2"}],"replies":[{"embeddable":true,"href":"https:\/\/www.europesays.com\/pt\/wp-json\/wp\/v2\/comments?post=105889"}],"version-history":[{"count":0,"href":"https:\/\/www.europesays.com\/pt\/wp-json\/wp\/v2\/posts\/105889\/revisions"}],"wp:featuredmedia":[{"embeddable":true,"href":"https:\/\/www.europesays.com\/pt\/wp-json\/wp\/v2\/media\/105890"}],"wp:attachment":[{"href":"https:\/\/www.europesays.com\/pt\/wp-json\/wp\/v2\/media?parent=105889"}],"wp:term":[{"taxonomy":"category","embeddable":true,"href":"https:\/\/www.europesays.com\/pt\/wp-json\/wp\/v2\/categories?post=105889"},{"taxonomy":"post_tag","embeddable":true,"href":"https:\/\/www.europesays.com\/pt\/wp-json\/wp\/v2\/tags?post=105889"}],"curies":[{"name":"wp","href":"https:\/\/api.w.org\/{rel}","templated":true}]}}