{"id":105905,"date":"2025-10-11T04:59:16","date_gmt":"2025-10-11T04:59:16","guid":{"rendered":"https:\/\/www.europesays.com\/pt\/105905\/"},"modified":"2025-10-11T04:59:16","modified_gmt":"2025-10-11T04:59:16","slug":"eu-acho-que-o-fabio-esteve-lindamente-acho-que-nao-era-uma-situacao-para-tanto","status":"publish","type":"post","link":"https:\/\/www.europesays.com\/pt\/105905\/","title":{"rendered":"Eu acho que o F\u00e1bio esteve lindamente, acho que n\u00e3o era uma situa\u00e7\u00e3o para tanto"},"content":{"rendered":"<p>Ap\u00f3s a visualiza\u00e7\u00e3o das imagens da \u00abdiscuss\u00e3o\u00bb entre todos acerca do que se passou com F\u00e1bio e Marisa, onde tudo se resolveu, Isabel Figueira vem ao ataque.<\/p>\n<p>Come\u00e7a por dizer, \u201cO que \u00e9 que acho que eu digo? Eu acho que o F\u00e1bio esteve lindamente, acho que n\u00e3o era uma situa\u00e7\u00e3o para tanto. Isto \u00e9 a minha opini\u00e3o, por favor respeite a minha opini\u00e3o (\u2026) n\u00e3o era uma situa\u00e7\u00e3o para tanto. O F\u00e1bio esteve aqui muito bem, eles resolveram entre os dois. A pr\u00f3pria Marisa, que tamb\u00e9m \u00e9 muito correta e muito justa nisso, tamb\u00e9m deu o seu aval a dizer que o F\u00e1bio esteve muito bem. Foi eles que resolveram logo as coisas.\u201d<\/p>\n<p><strong>Nuno Eir\u00f3 deixa depois um aviso,<\/strong> \u201crealmente quer dizer \u00e9 que n\u00e3o vale a pena, inclusivamente, ofender os comentadores aqui, porque todos n\u00f3s temos a mesma televis\u00e3o que t\u00eam em casa. E n\u00e3o s\u00f3, a Marisa acabou de dizer, acab\u00e1mos de ter as imagens da Marisa a dizer, que o F\u00e1bio em momento algum lhe tocou nas partes.\u201d<\/p>\n<p>Mas Teresa Silva volta a dizer que foi uma brincadeira, <strong>\u201cIsto foi uma brincadeira. Ali ningu\u00e9m estava com inten\u00e7\u00f5es\u201d,<\/strong> com a Isabel Figueira a dizer,<strong> \u201cMas j\u00e1 \u00e9 a segunda vez que isto acontece ao F\u00e1bio, que j\u00e1 foi da outra vez, por causa do peito da Vera, que algu\u00e9m tinha dito que tinha posto as m\u00e3os por dentro e n\u00e3o sei o que.\u201d<\/strong><\/p>\n<p>E a ex-BB2020 ainda goza,<strong> \u201cAs regras deste programa, temos que p\u00f4r as pessoas, cada uma, num caixote e depois jogam assim, tipo, sabes, v\u00e3o jogando\u2026Exatamente, e depois de prefer\u00eancia v\u00e3o-se tratando por voc\u00ea, Dona Marisa, desculpe, d\u00e1-me licen\u00e7a que eu me chego assim a meio metro.\u201d<\/strong><\/p>\n<p>Depois a Isabel diz que se n\u00e3o fosse o Pedro Jorge, a Marisa n\u00e3o tinha chorado,<strong> \u201cA Marisa n\u00e3o tinha chorado, isso eu tenho a certeza. Acho que eles como casal est\u00e3o a passar uma fase super dif\u00edcil, eu nem quero imaginar o que \u00e9 estar num jogo como este, por isso \u00e9 que tamb\u00e9m o pr\u00e9mio \u00e9 muito grande, isto \u00e9 um jogo, e que vai at\u00e9 ao fundo das emo\u00e7\u00f5es que tu j\u00e1 tiveste, vai levar todas as pessoas ao limite, e eles n\u00e3o est\u00e3o a saber gerir as emo\u00e7\u00f5es. A Marisa se v\u00ea ao longe e conhece perfeitamente os olhares do Pedro Jorge a condenar.\u201d<\/strong><\/p>\n<blockquote class=\"wp-embedded-content\" data-secret=\"K6eVKP1oVW\">\n<p><a href=\"https:\/\/dioguinho.com\/teresa-silva-culpa-marisa-e-pedro-jorge-na-polemica-com-o-fabio-ela-deu-se-a-brincadeira\/\" rel=\"nofollow noopener\" target=\"_blank\">Teresa Silva culpa Marisa e Pedro Jorge na \u2018pol\u00e9mica\u2019 com o F\u00e1bio: \u201cEla deu-se \u00e0 brincadeira\u201d<\/a><\/p>\n<\/blockquote>\n","protected":false},"excerpt":{"rendered":"Ap\u00f3s a visualiza\u00e7\u00e3o das imagens da \u00abdiscuss\u00e3o\u00bb entre todos acerca do que se passou com F\u00e1bio e Marisa,&hellip;\n","protected":false},"author":2,"featured_media":105906,"comment_status":"","ping_status":"","sticky":false,"template":"","format":"standard","meta":{"footnotes":""},"categories":[145],"tags":[2632,13471,211,210,20079,114,115,32,33,6985,16686,20081,20082,162],"class_list":{"0":"post-105905","1":"post","2":"type-post","3":"status-publish","4":"format-standard","5":"has-post-thumbnail","7":"category-celebridades","8":"tag-casa-dos-segredos","9":"tag-casa-dos-segredos-9","10":"tag-celebridades","11":"tag-celebrities","12":"tag-concorrentes-casa-dos-segredos","13":"tag-entertainment","14":"tag-entretenimento","15":"tag-portugal","16":"tag-pt","17":"tag-secret-story-casa-dos-segredos","18":"tag-secret-story-9","19":"tag-sondagem-casa-dos-segredos","20":"tag-sondagens-casa-dos-segredos","21":"tag-tvi"},"share_on_mastodon":{"url":"","error":""},"_links":{"self":[{"href":"https:\/\/www.europesays.com\/pt\/wp-json\/wp\/v2\/posts\/105905","targetHints":{"allow":["GET"]}}],"collection":[{"href":"https:\/\/www.europesays.com\/pt\/wp-json\/wp\/v2\/posts"}],"about":[{"href":"https:\/\/www.europesays.com\/pt\/wp-json\/wp\/v2\/types\/post"}],"author":[{"embeddable":true,"href":"https:\/\/www.europesays.com\/pt\/wp-json\/wp\/v2\/users\/2"}],"replies":[{"embeddable":true,"href":"https:\/\/www.europesays.com\/pt\/wp-json\/wp\/v2\/comments?post=105905"}],"version-history":[{"count":0,"href":"https:\/\/www.europesays.com\/pt\/wp-json\/wp\/v2\/posts\/105905\/revisions"}],"wp:featuredmedia":[{"embeddable":true,"href":"https:\/\/www.europesays.com\/pt\/wp-json\/wp\/v2\/media\/105906"}],"wp:attachment":[{"href":"https:\/\/www.europesays.com\/pt\/wp-json\/wp\/v2\/media?parent=105905"}],"wp:term":[{"taxonomy":"category","embeddable":true,"href":"https:\/\/www.europesays.com\/pt\/wp-json\/wp\/v2\/categories?post=105905"},{"taxonomy":"post_tag","embeddable":true,"href":"https:\/\/www.europesays.com\/pt\/wp-json\/wp\/v2\/tags?post=105905"}],"curies":[{"name":"wp","href":"https:\/\/api.w.org\/{rel}","templated":true}]}}