{"id":105913,"date":"2025-10-11T05:16:15","date_gmt":"2025-10-11T05:16:15","guid":{"rendered":"https:\/\/www.europesays.com\/pt\/105913\/"},"modified":"2025-10-11T05:16:15","modified_gmt":"2025-10-11T05:16:15","slug":"mae-de-cristiano-ronaldo-tem-encontro-inesperado-com-ex-concorrente-que-tinha-o-segredo-mais-insolito-de-sempre-secret-story","status":"publish","type":"post","link":"https:\/\/www.europesays.com\/pt\/105913\/","title":{"rendered":"M\u00e3e de Cristiano Ronaldo tem encontro inesperado com ex-concorrente que tinha o segredo mais ins\u00f3lito de sempre &#8211; Secret Story"},"content":{"rendered":"<p><a href=\"https:\/\/tvi.iol.pt\/secretstory\/search?pagina=1&amp;pesquisa=marcelo+palma\" target=\"_blank\" rel=\"nofollow noopener\"><strong>Marcelo Palma<\/strong><\/a>, conhecido pela sua participa\u00e7\u00e3o no <a href=\"https:\/\/tvi.iol.pt\/secretstory\/\" target=\"_blank\" rel=\"nofollow noopener\"><strong>Secret Story &#8211; Casa dos Segredos 8<\/strong><\/a>, partilhou um encontro inesperado com <strong>Dolores Aveiro<\/strong> que o deixou completamente surpreendido. O ex-concorrente da casa mais vigiada do pa\u00eds encontrou a m\u00e3e de Cristiano Ronaldo num clube de padel e n\u00e3o resistiu a registar o momento.<\/p>\n<p>Na sua conta de Instagram, <strong>Marcelo<\/strong> publicou uma fotografia ao lado de <strong>Dolores Aveiro<\/strong> e revelou que foi reconhecido pela mesma. <strong>\u00abHoje foi sem d\u00favida um dia diferente que n\u00e3o irei esquecer. Se alguma vez pensei que a Dolores Aveiro me iria reconhecer: &#8220;o Marcelo que pinta os mortos&#8221;. Obrigado pelo momento, foi um gosto\u00bb<\/strong>, escreveu na story.<\/p>\n<p>O coment\u00e1rio de<strong> Dolores Aveiro<\/strong> n\u00e3o passou despercebido aos seguidores, pois demonstra que a matriarca acompanha os reality shows da TVI e se recorda de um dos concorrentes mais medi\u00e1ticos da oitava edi\u00e7\u00e3o do Secret Story. <a href=\"https:\/\/tvi.iol.pt\/secretstory\/marcelo\/leo\/o-choque-e-a-curiosidade-o-impacto-do-segredo-de-marcelo-nos-concorrentes\" target=\"_blank\" rel=\"nofollow noopener\">Recorde que o segredo de Marcelo na sua edi\u00e7\u00e3o era: <strong>\u00abMaquilho mortos\u00bb<\/strong><\/a>.<\/p>\n<p><img loading=\"lazy\" decoding=\"async\" alt=\"\" height=\"889\" src=\"https:\/\/www.europesays.com\/pt\/wp-content\/uploads\/2025\/10\/68e91c15d34e58bc6796c12a.webp\" width=\"500\"\/><\/p>\n<p>\u00a0<\/p>\n<p><strong>Recorde aqui:<\/strong><\/p>\n","protected":false},"excerpt":{"rendered":"Marcelo Palma, conhecido pela sua participa\u00e7\u00e3o no Secret Story &#8211; Casa dos Segredos 8, partilhou um encontro inesperado&hellip;\n","protected":false},"author":2,"featured_media":105914,"comment_status":"","ping_status":"","sticky":false,"template":"","format":"standard","meta":{"footnotes":""},"categories":[142],"tags":[18706,2632,667,23133,114,115,18705,8366,32,33,1315,151,18704],"class_list":{"0":"post-105913","1":"post","2":"type-post","3":"status-publish","4":"format-standard","5":"has-post-thumbnail","7":"category-tv","8":"tag-bastidores-secret-story","9":"tag-casa-dos-segredos","10":"tag-cristiano-ronaldo","11":"tag-dolores-aveiro","12":"tag-entertainment","13":"tag-entretenimento","14":"tag-entrevistas-concorrentes-tvi","15":"tag-marcelo-palma","16":"tag-portugal","17":"tag-pt","18":"tag-secret-story","19":"tag-tv","20":"tag-vida-fora-da-casa"},"share_on_mastodon":{"url":"","error":""},"_links":{"self":[{"href":"https:\/\/www.europesays.com\/pt\/wp-json\/wp\/v2\/posts\/105913","targetHints":{"allow":["GET"]}}],"collection":[{"href":"https:\/\/www.europesays.com\/pt\/wp-json\/wp\/v2\/posts"}],"about":[{"href":"https:\/\/www.europesays.com\/pt\/wp-json\/wp\/v2\/types\/post"}],"author":[{"embeddable":true,"href":"https:\/\/www.europesays.com\/pt\/wp-json\/wp\/v2\/users\/2"}],"replies":[{"embeddable":true,"href":"https:\/\/www.europesays.com\/pt\/wp-json\/wp\/v2\/comments?post=105913"}],"version-history":[{"count":0,"href":"https:\/\/www.europesays.com\/pt\/wp-json\/wp\/v2\/posts\/105913\/revisions"}],"wp:featuredmedia":[{"embeddable":true,"href":"https:\/\/www.europesays.com\/pt\/wp-json\/wp\/v2\/media\/105914"}],"wp:attachment":[{"href":"https:\/\/www.europesays.com\/pt\/wp-json\/wp\/v2\/media?parent=105913"}],"wp:term":[{"taxonomy":"category","embeddable":true,"href":"https:\/\/www.europesays.com\/pt\/wp-json\/wp\/v2\/categories?post=105913"},{"taxonomy":"post_tag","embeddable":true,"href":"https:\/\/www.europesays.com\/pt\/wp-json\/wp\/v2\/tags?post=105913"}],"curies":[{"name":"wp","href":"https:\/\/api.w.org\/{rel}","templated":true}]}}