{"id":105921,"date":"2025-10-11T05:26:12","date_gmt":"2025-10-11T05:26:12","guid":{"rendered":"https:\/\/www.europesays.com\/pt\/105921\/"},"modified":"2025-10-11T05:26:12","modified_gmt":"2025-10-11T05:26:12","slug":"guerra-no-medio-oriente-mais-de-200-mil-pessoas-regressam-ao-norte-de-gaza","status":"publish","type":"post","link":"https:\/\/www.europesays.com\/pt\/105921\/","title":{"rendered":"Guerra no M\u00e9dio Oriente. Mais de 200 mil pessoas regressam ao norte de Gaza"},"content":{"rendered":"<p>&#13;<br \/>\n&#8220;Cerca de 200 mil pessoas regressaram hoje ao norte&#8221;, disse \u00e0 ag\u00eancia de not\u00edcias France Presse (AFP) Mahmud Bassal, porta-voz da Defesa Civil da Faixa de Gaza, cujas institui\u00e7\u00f5es operam sob a autoridade do Hamas.&#13;\n<\/p>\n<p>&#13;<br \/>\nNas horas anteriores \u00e0 entrada em vigor da suspens\u00e3o dos combates, as for\u00e7as israelitas mataram pelo menos 19 palestinianos no territ\u00f3rio, de acordo com dados dos hospitais que receberam os corpos das v\u00edtimas.&#13;\n<\/p>\n<p>&#13;<br \/>\nA ag\u00eancia de not\u00edcias palestiniana Wafa relatou v\u00e1rios ataques a\u00e9reos contra diferentes locais do enclave palestiniano esta manh\u00e3 e at\u00e9 \u00e0 entrada em vigor da tr\u00e9gua.&#13;\n<\/p>\n<p>&#13;<br \/>\nFontes do enclave consultadas pela ag\u00eancia de not\u00edcias EFE indicaram que a maioria dos bombardeamentos na Faixa de Gaza, que est\u00e1 encerrada \u00e0 imprensa internacional h\u00e1 dois anos, ocorreu antes das 12:00 (10:00 em Lisboa).&#13;\n<\/p>\n<p>&#13;<br \/>\n&#8220;O acordo de cessar-fogo entrou em vigor \u00e0s 12:00&#8221;, anunciou o Ex\u00e9rcito israelita em comunicado.&#13;\n<\/p>\n<p>&#13;<br \/>\nAs mesmas fontes indicaram que as equipas de defesa civil recuperaram 99 corpos em v\u00e1rias zonas da Faixa de Gaza, depois de as tropas israelitas terem conclu\u00eddo, esta manh\u00e3, a primeira retirada prevista no acordo de cessar-fogo.&#13;\n<\/p>\n<p>&#13;<br \/>\nAp\u00f3s a retirada das tropas para a chamada &#8220;linha amarela&#8221; &#8211; nome dado em homenagem \u00e0 cor do mapa fornecido pela Casa Branca no momento do an\u00fancio do acordo &#8211; milhares de habitantes do enclave come\u00e7aram a deslocar-se para norte, em dire\u00e7\u00e3o \u00e0 Cidade de Gaza, ao longo da estrada costeira de Al-Rashid.&#13;\n<\/p>\n<p>&#13;<br \/>\nImagens divulgadas ao in\u00edcio do dia mostraram uma fila cont\u00ednua de pessoas a dirigir-se para a parte norte do territ\u00f3rio, onde o Ex\u00e9rcito israelita alertou que v\u00e1rias \u00e1reas permaneciam &#8220;extremamente perigosas&#8221; para a popula\u00e7\u00e3o civil.&#13;\n<\/p>\n<p>&#13;<br \/>\nA partir da entrada em vigor do acordo, o Hamas tem 72 horas para entregar os 48 ref\u00e9ns que mant\u00e9m em cativeiro, dos quais Israel estima que apenas cerca de 20 ainda estejam vivos. &#13;\n<\/p>\n<p>&#13;<br \/>\nA guerra na Faixa de Gaza foi desencadeada pelos ataques liderados pelo Hamas em 07 de outubro de 2023 no sul de Israel, nos quais morreram cerca de 1.200 pessoas e 251 foram feitas ref\u00e9ns.&#13;\n<\/p>\n<p>&#13;<br \/>\nEm retalia\u00e7\u00e3o, Israel lan\u00e7ou uma opera\u00e7\u00e3o militar em grande escala na Faixa de Gaza, que j\u00e1 provocou mais de 67 mil mortos, segundo as autoridades locais controladas pelo Hamas, a destrui\u00e7\u00e3o de quase todas as infraestruturas do territ\u00f3rio e a desloca\u00e7\u00e3o for\u00e7ada de centenas de milhares de pessoas.&#13;<\/p>\n","protected":false},"excerpt":{"rendered":"&#13; &#8220;Cerca de 200 mil pessoas regressaram hoje ao norte&#8221;, disse \u00e0 ag\u00eancia de not\u00edcias France Presse (AFP)&hellip;\n","protected":false},"author":2,"featured_media":105922,"comment_status":"","ping_status":"","sticky":false,"template":"","format":"standard","meta":{"footnotes":""},"categories":[8],"tags":[27,28,5719,15,16,255,14,25,26,21,22,12,13,19,20,32,23,24,33,17,18,29,30,31],"class_list":{"0":"post-105921","1":"post","2":"type-post","3":"status-publish","4":"format-standard","5":"has-post-thumbnail","7":"category-principais-noticias","8":"tag-breaking-news","9":"tag-breakingnews","10":"tag-faixa","11":"tag-featured-news","12":"tag-featurednews","13":"tag-hamas","14":"tag-headlines","15":"tag-latest-news","16":"tag-latestnews","17":"tag-main-news","18":"tag-mainnews","19":"tag-news","20":"tag-noticias","21":"tag-noticias-principais","22":"tag-noticiasprincipais","23":"tag-portugal","24":"tag-principais-noticias","25":"tag-principaisnoticias","26":"tag-pt","27":"tag-top-stories","28":"tag-topstories","29":"tag-ultimas","30":"tag-ultimas-noticias","31":"tag-ultimasnoticias"},"share_on_mastodon":{"url":"","error":""},"_links":{"self":[{"href":"https:\/\/www.europesays.com\/pt\/wp-json\/wp\/v2\/posts\/105921","targetHints":{"allow":["GET"]}}],"collection":[{"href":"https:\/\/www.europesays.com\/pt\/wp-json\/wp\/v2\/posts"}],"about":[{"href":"https:\/\/www.europesays.com\/pt\/wp-json\/wp\/v2\/types\/post"}],"author":[{"embeddable":true,"href":"https:\/\/www.europesays.com\/pt\/wp-json\/wp\/v2\/users\/2"}],"replies":[{"embeddable":true,"href":"https:\/\/www.europesays.com\/pt\/wp-json\/wp\/v2\/comments?post=105921"}],"version-history":[{"count":0,"href":"https:\/\/www.europesays.com\/pt\/wp-json\/wp\/v2\/posts\/105921\/revisions"}],"wp:featuredmedia":[{"embeddable":true,"href":"https:\/\/www.europesays.com\/pt\/wp-json\/wp\/v2\/media\/105922"}],"wp:attachment":[{"href":"https:\/\/www.europesays.com\/pt\/wp-json\/wp\/v2\/media?parent=105921"}],"wp:term":[{"taxonomy":"category","embeddable":true,"href":"https:\/\/www.europesays.com\/pt\/wp-json\/wp\/v2\/categories?post=105921"},{"taxonomy":"post_tag","embeddable":true,"href":"https:\/\/www.europesays.com\/pt\/wp-json\/wp\/v2\/tags?post=105921"}],"curies":[{"name":"wp","href":"https:\/\/api.w.org\/{rel}","templated":true}]}}