{"id":105927,"date":"2025-10-11T05:33:12","date_gmt":"2025-10-11T05:33:12","guid":{"rendered":"https:\/\/www.europesays.com\/pt\/105927\/"},"modified":"2025-10-11T05:33:12","modified_gmt":"2025-10-11T05:33:12","slug":"adrien-silva-anuncia-fim-da-carreira-de-futebolista-2","status":"publish","type":"post","link":"https:\/\/www.europesays.com\/pt\/105927\/","title":{"rendered":"Adrien Silva anuncia fim da carreira de futebolista"},"content":{"rendered":"<p class=\"category\"><a href=\"https:\/\/sicnoticias.pt\/desporto\" rel=\"nofollow noopener\" target=\"_blank\">Desporto<\/a><\/p>\n<p class=\"g-article-lead lead\" data-field=\"lead\">O jogador, que fez parte da gera\u00e7\u00e3o dourada que conquistou o Euro 2016, anunciou oficialmente o fim da sua carreira como futebolista profissional atrav\u00e9s das redes sociais.<\/p>\n<p><img decoding=\"async\" src=\"https:\/\/www.europesays.com\/pt\/wp-content\/uploads\/2025\/10\/1760160791_384_original.webp\" alt=\"Adrien Silva anuncia fim da carreira de futebolista\"\/><\/p>\n<p>Sergei Karpukhin<\/p>\n<p><strong>Adrien Silva anunciou esta sexta-feira, aos 36 anos, o fim da sua carreira como futebolista profissional. Atrav\u00e9s de uma publica\u00e7\u00e3o nas redes sociais, o antigo internacional portugu\u00eas deixou uma emotiva mensagem: \u201cObrigado, futebol.\u201d<\/strong><\/p>\n<p>O antigo m\u00e9dio do Sporting fez parte da gera\u00e7\u00e3o dourada que conquistou o Campeonato da Europa de 2016, em Fran\u00e7a, e ao longo da sua carreira somou um total de 501 jogos e 61 golos clubes e sele\u00e7\u00e3o.<\/p>\n<p>Na publica\u00e7\u00e3o de despedida, Adrien recordou todos os emblemas que representou ao mais alto n\u00edvel.<\/p>\n<p>Com 240 jogos pelos le\u00f5es, foi no Sporting que viveu os seus anos mais marcantes. Seguiram-se passagens por Maccabi Haifa, Acad\u00e9mica, Leicester, M\u00f3naco, Sampd\u00f3ria, Al Wahda e Dubai United.<\/p>\n<p>Pela Sele\u00e7\u00e3o Nacional, somou 26 internacionaliza\u00e7\u00f5es, destacando-se o papel no t\u00edtulo europeu de 2016. No palmar\u00e9s, conta ainda com tr\u00eas Ta\u00e7as de Portugal, tr\u00eas Superta\u00e7as C\u00e2ndido de Oliveira e uma Liga israelita, conquistada ao servi\u00e7o do Maccabi Haifa.<\/p>\n","protected":false},"excerpt":{"rendered":"Desporto O jogador, que fez parte da gera\u00e7\u00e3o dourada que conquistou o Euro 2016, anunciou oficialmente o fim&hellip;\n","protected":false},"author":2,"featured_media":105928,"comment_status":"","ping_status":"","sticky":false,"template":"","format":"standard","meta":{"footnotes":""},"categories":[87],"tags":[135,32,33,134],"class_list":{"0":"post-105927","1":"post","2":"type-post","3":"status-publish","4":"format-standard","5":"has-post-thumbnail","7":"category-desporto","8":"tag-desporto","9":"tag-portugal","10":"tag-pt","11":"tag-sports"},"share_on_mastodon":{"url":"","error":""},"_links":{"self":[{"href":"https:\/\/www.europesays.com\/pt\/wp-json\/wp\/v2\/posts\/105927","targetHints":{"allow":["GET"]}}],"collection":[{"href":"https:\/\/www.europesays.com\/pt\/wp-json\/wp\/v2\/posts"}],"about":[{"href":"https:\/\/www.europesays.com\/pt\/wp-json\/wp\/v2\/types\/post"}],"author":[{"embeddable":true,"href":"https:\/\/www.europesays.com\/pt\/wp-json\/wp\/v2\/users\/2"}],"replies":[{"embeddable":true,"href":"https:\/\/www.europesays.com\/pt\/wp-json\/wp\/v2\/comments?post=105927"}],"version-history":[{"count":0,"href":"https:\/\/www.europesays.com\/pt\/wp-json\/wp\/v2\/posts\/105927\/revisions"}],"wp:featuredmedia":[{"embeddable":true,"href":"https:\/\/www.europesays.com\/pt\/wp-json\/wp\/v2\/media\/105928"}],"wp:attachment":[{"href":"https:\/\/www.europesays.com\/pt\/wp-json\/wp\/v2\/media?parent=105927"}],"wp:term":[{"taxonomy":"category","embeddable":true,"href":"https:\/\/www.europesays.com\/pt\/wp-json\/wp\/v2\/categories?post=105927"},{"taxonomy":"post_tag","embeddable":true,"href":"https:\/\/www.europesays.com\/pt\/wp-json\/wp\/v2\/tags?post=105927"}],"curies":[{"name":"wp","href":"https:\/\/api.w.org\/{rel}","templated":true}]}}