{"id":105939,"date":"2025-10-11T05:47:10","date_gmt":"2025-10-11T05:47:10","guid":{"rendered":"https:\/\/www.europesays.com\/pt\/105939\/"},"modified":"2025-10-11T05:47:10","modified_gmt":"2025-10-11T05:47:10","slug":"lage-disserta-sobre-equipas-b-poucos-jogadores-rendem-no-imediato","status":"publish","type":"post","link":"https:\/\/www.europesays.com\/pt\/105939\/","title":{"rendered":"Lage disserta sobre equipas B: \u00abPoucos jogadores rendem no imediato\u00bb"},"content":{"rendered":"<p>Quase um m\u00eas ap\u00f3s ter sido despedido do Benfica, Bruno Lage participou na Portugal Football Summit, da Federa\u00e7\u00e3o Portuguesa de Futebol, onde apresentou uma reflex\u00e3o aprofundada das equipas B em Portugal <strong><a href=\"https:\/\/maisfutebol.iol.pt\/made-in\/benfica\/ameaca-saudita-brasil-e-fenomeno-multiclube-lage-analisa-mercado-nacional\" rel=\"nofollow noopener\" target=\"_blank\">e do mercado de transfer\u00eancias.<\/a><\/strong><\/p>\n<p>Lage congratulou-se por falar de uma que \u00abn\u00e3o abordava no dia-a-dia\u00bb nas confer\u00eancias de imprensa e que o inquietou no Benfica &#8211; a competitividade dos jogadores de equipa B, sendo tamb\u00e9m ele um treinador experienciado na forma\u00e7\u00e3o.<\/p>\n<p>\u00abQuem est\u00e1 na equipa principal olha sempre para a equipa B, mas jogando de tr\u00eas em tr\u00eas dias. S\u00e3o poucos os jovens que, ap\u00f3s um ou dois anos na equipa B, conseguem no imediato jogar na equipa A. Jogar e render com a exig\u00eancia pretendida. H\u00e1 um conjunto de jogadores que n\u00e3o atingem o patamar de equipa A\u00bb, diagnosticou.\u00a0<\/p>\n<p>\u00abH\u00e1 20 anos, seriam emprestados. Cruzei-me aqui, no outro dia, com o Ricardo Carvalho, que talvez seja o melhor exemplo daquilo que vou dizer. Nos anos 90 eram permitidos v\u00e1rios empr\u00e9stimos. No in\u00edcio da carreira dele jogou no Alverca, Le\u00e7a, Vit\u00f3ria Set\u00fabal, antes de jogar no FC Porto. Em meados dos anos 2000 surgiram as equipas B e competiam na II B. Atualmente, desde 2012, competem na II Liga e a quest\u00e3o que fica no ar s\u00e3o aqueles atletas que n\u00e3o atingem o patamar\u00bb, disse o t\u00e9cnico.\u00a0<\/p>\n<p>Bruno Lage recordou que, em fun\u00e7\u00e3o do regulamento, o n\u00famero de empr\u00e9stimos \u00e9 limitado a seis. Al\u00e9m disso, os outros clubes da Liga preferem n\u00e3o ter jogadores emprestados, sustenta. Para solucionar a quest\u00e3o, Lage prop\u00f5e:\u00a0<\/p>\n<p>\u00abFazer aquilo que chamo as novas equipas B. Os clubes podem comprar outro clube. O ideal seria a compra de um clube em Portugal, mas os regulamentos n\u00e3o o permitem. Por\u00e9m, talvez na Europa Central acredito que isto que aconte\u00e7a\u00bb, sugere.<\/p>\n<p>\u00abJ\u00e1 h\u00e1 clubes brasileiros que est\u00e3o a fazer isto em Portugal, porque para eles \u00e9 o melhor investimento. O nosso regulamento n\u00e3o protege os jogadores locais, valorizam-se em Portugal, os atletas regressam ao Brasil e depois vendem-nos para outros lados\u00bb, analisa o t\u00e9cnico setubalense.<\/p>\n<p>Uma proposta arrojada do treinador, lan\u00e7ada numa confer\u00eancia que tem discutido o presente e o futuro do futebol nacional.\u00a0<\/p>\n","protected":false},"excerpt":{"rendered":"Quase um m\u00eas ap\u00f3s ter sido despedido do Benfica, Bruno Lage participou na Portugal Football Summit, da Federa\u00e7\u00e3o&hellip;\n","protected":false},"author":2,"featured_media":82558,"comment_status":"","ping_status":"","sticky":false,"template":"","format":"standard","meta":{"footnotes":""},"categories":[87],"tags":[51,2923,135,4838,436,46,32,24942,33,47,134],"class_list":{"0":"post-105939","1":"post","2":"type-post","3":"status-publish","4":"format-standard","5":"has-post-thumbnail","7":"category-desporto","8":"tag-benfica","9":"tag-bruno-lage","10":"tag-desporto","11":"tag-lage","12":"tag-made-in","13":"tag-maisfutebol","14":"tag-portugal","15":"tag-portugal-football-summit","16":"tag-pt","17":"tag-pura-paixao","18":"tag-sports"},"share_on_mastodon":{"url":"","error":""},"_links":{"self":[{"href":"https:\/\/www.europesays.com\/pt\/wp-json\/wp\/v2\/posts\/105939","targetHints":{"allow":["GET"]}}],"collection":[{"href":"https:\/\/www.europesays.com\/pt\/wp-json\/wp\/v2\/posts"}],"about":[{"href":"https:\/\/www.europesays.com\/pt\/wp-json\/wp\/v2\/types\/post"}],"author":[{"embeddable":true,"href":"https:\/\/www.europesays.com\/pt\/wp-json\/wp\/v2\/users\/2"}],"replies":[{"embeddable":true,"href":"https:\/\/www.europesays.com\/pt\/wp-json\/wp\/v2\/comments?post=105939"}],"version-history":[{"count":0,"href":"https:\/\/www.europesays.com\/pt\/wp-json\/wp\/v2\/posts\/105939\/revisions"}],"wp:featuredmedia":[{"embeddable":true,"href":"https:\/\/www.europesays.com\/pt\/wp-json\/wp\/v2\/media\/82558"}],"wp:attachment":[{"href":"https:\/\/www.europesays.com\/pt\/wp-json\/wp\/v2\/media?parent=105939"}],"wp:term":[{"taxonomy":"category","embeddable":true,"href":"https:\/\/www.europesays.com\/pt\/wp-json\/wp\/v2\/categories?post=105939"},{"taxonomy":"post_tag","embeddable":true,"href":"https:\/\/www.europesays.com\/pt\/wp-json\/wp\/v2\/tags?post=105939"}],"curies":[{"name":"wp","href":"https:\/\/api.w.org\/{rel}","templated":true}]}}