{"id":105942,"date":"2025-10-11T05:55:10","date_gmt":"2025-10-11T05:55:10","guid":{"rendered":"https:\/\/www.europesays.com\/pt\/105942\/"},"modified":"2025-10-11T05:55:10","modified_gmt":"2025-10-11T05:55:10","slug":"marcelo-palma-conheceu-dolores-aveiro-e-nem-vai-acreditar-no-que-disse-a-mae-de-cristiano-ronaldo","status":"publish","type":"post","link":"https:\/\/www.europesays.com\/pt\/105942\/","title":{"rendered":"Marcelo Palma conheceu Dolores Aveiro&#8230; e nem vai acreditar no que disse a m\u00e3e de Cristiano Ronaldo!"},"content":{"rendered":"<p>Esta sexta-feira, dia 10, promete ficar na mem\u00f3ria de Marcelo Palma. O ex-concorrente da oitava edi\u00e7\u00e3o de &#8220;<a href=\"https:\/\/tvi.iol.pt\/secretstory\/\" target=\"_blank\" rel=\"nofollow noopener\">Secret Story<\/a> &#8211; Casa dos Segredos&#8221; e comentador da atual edi\u00e7\u00e3o do reality show da <a href=\"https:\/\/tvi.iol.pt\/\" target=\"_blank\" rel=\"nofollow noopener\">TVI<\/a> conheceu Dolores Aveiro.<\/p>\n<p>Por interm\u00e9dio do Instagram, <a href=\"https:\/\/selfie.iol.pt\/famosos\/casa-dos-segredos\/marcelo-palma-celebra-aniversario-com-bolo-original-vejo-me-a-rasca\/20250713\/6873a0d0d34ef72ee448436c\" target=\"_blank\" rel=\"nofollow noopener\">Marcelo Palma<\/a> partilhou uma fotografia que eterniza esse momento e relatou o que aconteceu. &#8220;Hoje, foi, sem d\u00favida, um dia diferente, de que n\u00e3o irei esquecer-me. Se alguma vez pensei que a Dolores Aveiro iria reconhecer-me&#8230;&#8221;, confidenciou o jovem, partilhando qual foi a rea\u00e7\u00e3o da m\u00e3e de Cristiano Ronaldo. &#8220;O Marcelo que pinta os mortos&#8221;.<\/p>\n<p>&#8220;Obrigado pelo momento. Foi um gosto!&#8221;, agradeceu, no fim, o namorado de Rita Almeida.<\/p>\n<p>Veja, agora, nas galerias que prepar\u00e1mos para si, as melhores imagens de <a href=\"https:\/\/selfie.iol.pt\/famosos\/casa-dos-segredos\/foi-dia-de-casamento-para-rita-almeida-e-marcelo-palma\/20250917\/68ca6b32d34e58bc6795d241\" target=\"_blank\" rel=\"nofollow noopener\">Marcelo Palma<\/a>.<\/p>\n<p style=\"text-align:center\"><img loading=\"lazy\" decoding=\"async\" alt=\"\" height=\"889\" src=\"https:\/\/www.europesays.com\/pt\/wp-content\/uploads\/2025\/10\/68e94c9fd34ee0c2fed11fd1.webp\" width=\"500\"\/><\/p>\n<p>\u00a0<\/p>\n","protected":false},"excerpt":{"rendered":"Esta sexta-feira, dia 10, promete ficar na mem\u00f3ria de Marcelo Palma. O ex-concorrente da oitava edi\u00e7\u00e3o de &#8220;Secret&hellip;\n","protected":false},"author":2,"featured_media":105943,"comment_status":"","ping_status":"","sticky":false,"template":"","format":"standard","meta":{"footnotes":""},"categories":[145],"tags":[2632,7869,13471,211,210,13933,667,23133,114,115,980,1015,8366,619,32,33,1014,1315,6985,7868,16687,7867,16686,1012,6986,7870,16688,162],"class_list":{"0":"post-105942","1":"post","2":"type-post","3":"status-publish","4":"format-standard","5":"has-post-thumbnail","7":"category-celebridades","8":"tag-casa-dos-segredos","9":"tag-casa-dos-segredos-8","10":"tag-casa-dos-segredos-9","11":"tag-celebridades","12":"tag-celebrities","13":"tag-comentador","14":"tag-cristiano-ronaldo","15":"tag-dolores-aveiro","16":"tag-entertainment","17":"tag-entretenimento","18":"tag-famosos","19":"tag-instagram","20":"tag-marcelo-palma","21":"tag-nacional","22":"tag-portugal","23":"tag-pt","24":"tag-reality-show","25":"tag-secret-story","26":"tag-secret-story-casa-dos-segredos","27":"tag-secret-story-casa-dos-segredos-8","28":"tag-secret-story-casa-dos-segredos-9","29":"tag-secret-story-8","30":"tag-secret-story-9","31":"tag-selfie","32":"tag-ss","33":"tag-ss8","34":"tag-ss9","35":"tag-tvi"},"share_on_mastodon":{"url":"","error":""},"_links":{"self":[{"href":"https:\/\/www.europesays.com\/pt\/wp-json\/wp\/v2\/posts\/105942","targetHints":{"allow":["GET"]}}],"collection":[{"href":"https:\/\/www.europesays.com\/pt\/wp-json\/wp\/v2\/posts"}],"about":[{"href":"https:\/\/www.europesays.com\/pt\/wp-json\/wp\/v2\/types\/post"}],"author":[{"embeddable":true,"href":"https:\/\/www.europesays.com\/pt\/wp-json\/wp\/v2\/users\/2"}],"replies":[{"embeddable":true,"href":"https:\/\/www.europesays.com\/pt\/wp-json\/wp\/v2\/comments?post=105942"}],"version-history":[{"count":0,"href":"https:\/\/www.europesays.com\/pt\/wp-json\/wp\/v2\/posts\/105942\/revisions"}],"wp:featuredmedia":[{"embeddable":true,"href":"https:\/\/www.europesays.com\/pt\/wp-json\/wp\/v2\/media\/105943"}],"wp:attachment":[{"href":"https:\/\/www.europesays.com\/pt\/wp-json\/wp\/v2\/media?parent=105942"}],"wp:term":[{"taxonomy":"category","embeddable":true,"href":"https:\/\/www.europesays.com\/pt\/wp-json\/wp\/v2\/categories?post=105942"},{"taxonomy":"post_tag","embeddable":true,"href":"https:\/\/www.europesays.com\/pt\/wp-json\/wp\/v2\/tags?post=105942"}],"curies":[{"name":"wp","href":"https:\/\/api.w.org\/{rel}","templated":true}]}}