{"id":105954,"date":"2025-10-11T06:11:32","date_gmt":"2025-10-11T06:11:32","guid":{"rendered":"https:\/\/www.europesays.com\/pt\/105954\/"},"modified":"2025-10-11T06:11:32","modified_gmt":"2025-10-11T06:11:32","slug":"relicario-de-memorias-publishnews","status":"publish","type":"post","link":"https:\/\/www.europesays.com\/pt\/105954\/","title":{"rendered":"Relic\u00e1rio de mem\u00f3rias | PublishNews"},"content":{"rendered":"<p>Depois de anos desaparecida, a fam\u00edlia de Amber precisa lidar com um turbilh\u00e3o de emo\u00e7\u00f5es de sua repentina volta<\/p>\n<p><img loading=\"lazy\" decoding=\"async\" src=\"https:\/\/www.europesays.com\/pt\/wp-content\/uploads\/2025\/10\/EZvSQDeF7DO4A2D08mjYQ8iGmmpUG6pVp7EWxErGuwx0tuXTyP8qiWJ9cm09ranQfmg8N7stpsr3wQPj.jpg\" width=\"124\" height=\"186\" \/>Em uma tarde de primavera, Amber pedala de volta para casa. Parece s\u00f3 um dia normal na vida da adolescente, mas, quando ela chega, \u00e9 recebida por uma fam\u00edlia em choque. Isso porque a protagonista de Depois da vida (<a href=\"https:\/\/www.publishnews.com.br\/etiquetas\/livros-da-alice\" target=\"_blank\" rel=\"nofollow noopener\">Livros da Alice<\/a>, 224 pp, R$ 49,90) est\u00e1 morta h\u00e1 sete anos. Com a volta inexplic\u00e1vel da jovem, sua fam\u00edlia precisa lidar com um turbilh\u00e3o de emo\u00e7\u00f5es: o luto vivido por tanto tempo, a alegria por t\u00ea-la em casa e o estranhamento com toda a situa\u00e7\u00e3o. E, principalmente, entender como ser\u00e1 a vida a partir de agora. Da autora best-seller de Se eu ficar, tamb\u00e9m adaptado para os cinemas, Depois da vida, de Gayle Forman \u00e9 um relic\u00e1rio de mem\u00f3rias, sentimentos e conex\u00f5es que precisar\u00e3o ser recriadas, recontadas e questionadas. Uma hist\u00f3ria emocionante sobre aceitar o imposs\u00edvel.<\/p>\n","protected":false},"excerpt":{"rendered":"Depois de anos desaparecida, a fam\u00edlia de Amber precisa lidar com um turbilh\u00e3o de emo\u00e7\u00f5es de sua repentina&hellip;\n","protected":false},"author":2,"featured_media":17657,"comment_status":"","ping_status":"","sticky":false,"template":"","format":"standard","meta":{"footnotes":""},"categories":[143],"tags":[868,877,867,169,869,872,873,880,114,115,874,870,875,878,879,864,876,237,871,170,865,866,13,32,33],"class_list":{"0":"post-105954","1":"post","2":"type-post","3":"status-publish","4":"format-standard","5":"has-post-thumbnail","7":"category-livros","8":"tag-best-seller","9":"tag-biblioteca","10":"tag-bienal-do-livro","11":"tag-books","12":"tag-clipping","13":"tag-e-book","14":"tag-ebook","15":"tag-editora","16":"tag-entertainment","17":"tag-entretenimento","18":"tag-escritor","19":"tag-eventos","20":"tag-festival-literario","21":"tag-lancamentos","22":"tag-leitura","23":"tag-literatura","24":"tag-livraria","25":"tag-livro","26":"tag-livro-digital","27":"tag-livros","28":"tag-mercado-editorial","29":"tag-mercado-livreiro","30":"tag-noticias","31":"tag-portugal","32":"tag-pt"},"share_on_mastodon":{"url":"","error":""},"_links":{"self":[{"href":"https:\/\/www.europesays.com\/pt\/wp-json\/wp\/v2\/posts\/105954","targetHints":{"allow":["GET"]}}],"collection":[{"href":"https:\/\/www.europesays.com\/pt\/wp-json\/wp\/v2\/posts"}],"about":[{"href":"https:\/\/www.europesays.com\/pt\/wp-json\/wp\/v2\/types\/post"}],"author":[{"embeddable":true,"href":"https:\/\/www.europesays.com\/pt\/wp-json\/wp\/v2\/users\/2"}],"replies":[{"embeddable":true,"href":"https:\/\/www.europesays.com\/pt\/wp-json\/wp\/v2\/comments?post=105954"}],"version-history":[{"count":0,"href":"https:\/\/www.europesays.com\/pt\/wp-json\/wp\/v2\/posts\/105954\/revisions"}],"wp:featuredmedia":[{"embeddable":true,"href":"https:\/\/www.europesays.com\/pt\/wp-json\/wp\/v2\/media\/17657"}],"wp:attachment":[{"href":"https:\/\/www.europesays.com\/pt\/wp-json\/wp\/v2\/media?parent=105954"}],"wp:term":[{"taxonomy":"category","embeddable":true,"href":"https:\/\/www.europesays.com\/pt\/wp-json\/wp\/v2\/categories?post=105954"},{"taxonomy":"post_tag","embeddable":true,"href":"https:\/\/www.europesays.com\/pt\/wp-json\/wp\/v2\/tags?post=105954"}],"curies":[{"name":"wp","href":"https:\/\/api.w.org\/{rel}","templated":true}]}}