{"id":105955,"date":"2025-10-11T06:12:08","date_gmt":"2025-10-11T06:12:08","guid":{"rendered":"https:\/\/www.europesays.com\/pt\/105955\/"},"modified":"2025-10-11T06:12:08","modified_gmt":"2025-10-11T06:12:08","slug":"oscar-deixa-laura-sem-jeito-quando-e-que-vai-admitir-que-eu-nao-sou-so-um-impulso-novelas","status":"publish","type":"post","link":"https:\/\/www.europesays.com\/pt\/105955\/","title":{"rendered":"\u00d3scar deixa Laura sem jeito: \u00abQuando \u00e9 que vai admitir que eu n\u00e3o sou s\u00f3 um impulso?\u00bb &#8211; Novelas"},"content":{"rendered":"<p>Em \u00abA Protegida\u00bb, \u00d3scar (Joaquim Horta) aparece e Laura (Alexandra Lencastre) pergunta-lhe se veio acertar contas. Ele diz que sim, mas n\u00e3o sobre o trabalho. \u00d3scar recorda o momento em que Laura foi ter com ele ao turismo rural e o beijou. Laura diz que foi um devaneio, mas \u00d3scar sabe que n\u00e3o e que ela tamb\u00e9m se sente atra\u00edda por ele. Desta vez \u00e9 \u00d3scar que a beija e ela deixa-se ir.<\/p>\n","protected":false},"excerpt":{"rendered":"Em \u00abA Protegida\u00bb, \u00d3scar (Joaquim Horta) aparece e Laura (Alexandra Lencastre) pergunta-lhe se veio acertar contas. Ele diz&hellip;\n","protected":false},"author":2,"featured_media":105956,"comment_status":"","ping_status":"","sticky":false,"template":"","format":"standard","meta":{"footnotes":""},"categories":[142],"tags":[168,160,166,114,115,157,167,164,2931,161,158,165,159,32,33,156,163,151,162],"class_list":{"0":"post-105955","1":"post","2":"type-post","3":"status-publish","4":"format-standard","5":"has-post-thumbnail","7":"category-tv","8":"tag-a-protegida","9":"tag-ana-guiomar","10":"tag-cristina-ferreira","11":"tag-entertainment","12":"tag-entretenimento","13":"tag-festa-e-festa","14":"tag-ficcao","15":"tag-jose-fidalgo","16":"tag-novela","17":"tag-novelas","18":"tag-para-sempre","19":"tag-pedro-sousa","20":"tag-pedro-teixeira","21":"tag-portugal","22":"tag-pt","23":"tag-queridos-papas","24":"tag-tiago-teotonio-pereira","25":"tag-tv","26":"tag-tvi"},"share_on_mastodon":{"url":"","error":""},"_links":{"self":[{"href":"https:\/\/www.europesays.com\/pt\/wp-json\/wp\/v2\/posts\/105955","targetHints":{"allow":["GET"]}}],"collection":[{"href":"https:\/\/www.europesays.com\/pt\/wp-json\/wp\/v2\/posts"}],"about":[{"href":"https:\/\/www.europesays.com\/pt\/wp-json\/wp\/v2\/types\/post"}],"author":[{"embeddable":true,"href":"https:\/\/www.europesays.com\/pt\/wp-json\/wp\/v2\/users\/2"}],"replies":[{"embeddable":true,"href":"https:\/\/www.europesays.com\/pt\/wp-json\/wp\/v2\/comments?post=105955"}],"version-history":[{"count":0,"href":"https:\/\/www.europesays.com\/pt\/wp-json\/wp\/v2\/posts\/105955\/revisions"}],"wp:featuredmedia":[{"embeddable":true,"href":"https:\/\/www.europesays.com\/pt\/wp-json\/wp\/v2\/media\/105956"}],"wp:attachment":[{"href":"https:\/\/www.europesays.com\/pt\/wp-json\/wp\/v2\/media?parent=105955"}],"wp:term":[{"taxonomy":"category","embeddable":true,"href":"https:\/\/www.europesays.com\/pt\/wp-json\/wp\/v2\/categories?post=105955"},{"taxonomy":"post_tag","embeddable":true,"href":"https:\/\/www.europesays.com\/pt\/wp-json\/wp\/v2\/tags?post=105955"}],"curies":[{"name":"wp","href":"https:\/\/api.w.org\/{rel}","templated":true}]}}