{"id":105957,"date":"2025-10-11T06:15:16","date_gmt":"2025-10-11T06:15:16","guid":{"rendered":"https:\/\/www.europesays.com\/pt\/105957\/"},"modified":"2025-10-11T06:15:16","modified_gmt":"2025-10-11T06:15:16","slug":"video-trio-fantastico-goleia-coreia-do-sul-e-ancelotti-faz-o-brasil-sonhar","status":"publish","type":"post","link":"https:\/\/www.europesays.com\/pt\/105957\/","title":{"rendered":"V\u00cdDEO: trio fant\u00e1stico goleia Coreia do Sul e Ancelotti faz o Brasil sonhar"},"content":{"rendered":"<p>Carlo Ancelotti encontrou um novo trio para o ataque do Brasil que proporcionou um futebol alegre e uma convincente goleada frente \u00e0 Coreia do Sul (5-0), em Seul, num dos palcos onde o \u00abescrete\u00bb conquistou o \u00faltimo t\u00edtulo mundial sob o comando de Luiz Felipe Scolari j\u00e1 h\u00e1 23 anos, em 2002.<\/p>\n<p>H\u00e1 muito tempo que n\u00e3o se via um Brasil assim, sorridente e a voar sobre o relvado. Carlo Ancelotti juntou dois dos seus antigos jogadores do Real Madrid, Vinicius Junior e Rodrygo, a Est\u00eav\u00e3o William, jovem avan\u00e7ado de 18 anos que o Chelsea contratou este ano ao Palmeiras, para o apoio direto a Matheus Cunha, avan\u00e7ado do United de Ruben Amorim.<\/p>\n<p>Uma combina\u00e7\u00e3o perfeita que acabou por traduzir-se em cinco golos, com Est\u00eav\u00e3o e Rodrygo a bisarem antes de Vinicius fixar o resultado final.\u00a0<\/p>\n<p>Sob intensa chuva, a canarinha imp\u00f4s de imediato o seu futebol, com r\u00e1pidas triangula\u00e7\u00f5es que lhe permitiam subir no terreno e logo aos 12 minutos Est\u00eav\u00e3o, a passe de Bruno Guimar\u00e3es, fez as redes balan\u00e7ar pela primeira vez.<\/p>\n<p>Estava aberto o caminho para a goleada. Casemiro marcou logo a seguir, cinco minutos depois, mas estava adiantado e n\u00e3o valeu, mas o Brasil chegaria mesmo ao 2-0 antes do intervalo, com Rodrygo a marcar a passe de Casemiro. Uma primeira parte em que a Coreia do Sul fez apenas um remate, ao lado, com a assinatura de Hwang-in Beom.<\/p>\n<p>A segunda parte come\u00e7ou praticamente com o 3-0, com Est\u00eav\u00e3o a roubar uma bola a Kim Min Jae e a bisar com um remate cruzado. Mais dois minutos, mais uma recupera\u00e7\u00e3o de Casemiro, desmarca\u00e7\u00e3o de Vinicius e Rodrygo tamb\u00e9m bisou no jogo.<\/p>\n<p>J\u00e1 depois das mudan\u00e7as promovidas por Ancelotti, o Brasil ainda chegou a um quinto golo, aos 78 minutos, com Paquet\u00e1 a lan\u00e7ar Matheus Cunha e este a fazer uma assist\u00eancia para Vinicius. O avan\u00e7ado ainda escorregou na \u00e1rea, mas conseguiu recuperar o equil\u00edbrio e atirou a contar.<\/p>\n<p>Um primeiro jogo inserido na prepara\u00e7\u00e3o do Brasil para a fase final do Campeonato do Mundo do pr\u00f3ximo ano. Segue-se, j\u00e1 na pr\u00f3xima ter\u00e7a-feira, novo teste, desta feita, frente ao Jap\u00e3o.<\/p>\n<p><strong>Veja aqui o resumo com os melhores lances deste jogo:<\/strong><\/p>\n","protected":false},"excerpt":{"rendered":"Carlo Ancelotti encontrou um novo trio para o ataque do Brasil que proporcionou um futebol alegre e uma&hellip;\n","protected":false},"author":2,"featured_media":105958,"comment_status":"","ping_status":"","sticky":false,"template":"","format":"standard","meta":{"footnotes":""},"categories":[87],"tags":[726,25440,3092,135,25441,25439,46,12632,32,33,47,9100,134,15529],"class_list":{"0":"post-105957","1":"post","2":"type-post","3":"status-publish","4":"format-standard","5":"has-post-thumbnail","7":"category-desporto","8":"tag-brasil","9":"tag-carlo-ancelotti","10":"tag-coreia-do-sul","11":"tag-desporto","12":"tag-estevao","13":"tag-interrnacional","14":"tag-maisfutebol","15":"tag-mundial-2026","16":"tag-portugal","17":"tag-pt","18":"tag-pura-paixao","19":"tag-rodrygo","20":"tag-sports","21":"tag-vinicius-junior"},"share_on_mastodon":{"url":"","error":""},"_links":{"self":[{"href":"https:\/\/www.europesays.com\/pt\/wp-json\/wp\/v2\/posts\/105957","targetHints":{"allow":["GET"]}}],"collection":[{"href":"https:\/\/www.europesays.com\/pt\/wp-json\/wp\/v2\/posts"}],"about":[{"href":"https:\/\/www.europesays.com\/pt\/wp-json\/wp\/v2\/types\/post"}],"author":[{"embeddable":true,"href":"https:\/\/www.europesays.com\/pt\/wp-json\/wp\/v2\/users\/2"}],"replies":[{"embeddable":true,"href":"https:\/\/www.europesays.com\/pt\/wp-json\/wp\/v2\/comments?post=105957"}],"version-history":[{"count":0,"href":"https:\/\/www.europesays.com\/pt\/wp-json\/wp\/v2\/posts\/105957\/revisions"}],"wp:featuredmedia":[{"embeddable":true,"href":"https:\/\/www.europesays.com\/pt\/wp-json\/wp\/v2\/media\/105958"}],"wp:attachment":[{"href":"https:\/\/www.europesays.com\/pt\/wp-json\/wp\/v2\/media?parent=105957"}],"wp:term":[{"taxonomy":"category","embeddable":true,"href":"https:\/\/www.europesays.com\/pt\/wp-json\/wp\/v2\/categories?post=105957"},{"taxonomy":"post_tag","embeddable":true,"href":"https:\/\/www.europesays.com\/pt\/wp-json\/wp\/v2\/tags?post=105957"}],"curies":[{"name":"wp","href":"https:\/\/api.w.org\/{rel}","templated":true}]}}