{"id":105973,"date":"2025-10-11T06:40:15","date_gmt":"2025-10-11T06:40:15","guid":{"rendered":"https:\/\/www.europesays.com\/pt\/105973\/"},"modified":"2025-10-11T06:40:15","modified_gmt":"2025-10-11T06:40:15","slug":"vem-ai-em-a-fazenda-zuri-morre-de-medo-do-que-pode-estar-prestes-a-acontecer-novelas","status":"publish","type":"post","link":"https:\/\/www.europesays.com\/pt\/105973\/","title":{"rendered":"Vem a\u00ed em \u00abA Fazenda\u00bb: Zuri morre de medo do que pode estar prestes a acontecer &#8211; Novelas"},"content":{"rendered":"<p>Em \u00abA Fazenda\u00bb,\u00a0<a href=\"https:\/\/tvi.iol.pt\/novelas\/videos\/daniela-recusa-dar-aulas-a-lili-por-ciumes\/675300360cf2f130c2999df9\" rel=\"nofollow noopener\" target=\"_blank\">Daniela (Soraia Tavares)<\/a>\u00a0diz a <a href=\"https:\/\/tvi.iol.pt\/novelas\/videos\/foi-assim-que-lukenia-soube-que-samuel-e-filho-de-gaspar\/6772bbdc0cf28c51602e4db1\" rel=\"nofollow noopener\" target=\"_blank\">Lukenia (Rita Cruz)<\/a>\u00a0 que j\u00e1 fez uma estimativa para a festa do alembamento e os convidados dever\u00e3o ser uns trezentos, indo precisar de oitenta milh\u00f5es de Kwanzas, que ir\u00e1 tirar dos lucros da fazenda. Lukenia sai furiosa sob o olhar de regozijo de Weza. <a href=\"https:\/\/tvi.iol.pt\/novelas\/ator\/eva-borges-lacerda\/67348807d34e94b829075ef1\" target=\"_blank\" rel=\"nofollow noopener\"><strong data-end=\"548\" data-start=\"540\">Talu (Evandro Gomes)<\/strong><\/a>\u00a0comunica ir a Lisboa com <a href=\"https:\/\/tvi.iol.pt\/novelas\/videos\/ary-exalta-se-mereces-que-a-lili-nao-queira-ficar-contigo\/677be9e00cf28c51602e50eb\" rel=\"nofollow noopener\" target=\"_blank\">Ary (Isaac Alfaiate<\/a>), que vai falar com <a href=\"https:\/\/tvi.iol.pt\/novelas\/videos\/joel-declara-se-a-eva-nunca-quis-atravessar-me-entre-ti-e-o-talu\/676ac3630cf2f130c299a685\" rel=\"nofollow noopener\" target=\"_blank\">Joel (Jo\u00e3o Jesus)<\/a>. Zuri esbo\u00e7a m\u00e1 cara.<\/p>\n<p>Lukenia recrimina Talu por querer ir a Lisboa com Ary, dizendo que mais uma vez os custos de tudo caem para cima dela, saindo irritada. Talu promete a Zuri n\u00e3o demorar muito tempo em Lisboa. Zuri queixa-se apreensiva a Daniela de Talu poder reencontrar Eva.<\/p>\n<p>Recorde-se que Zuri tem feito de tudo para ficar com Talu:<\/p>\n","protected":false},"excerpt":{"rendered":"Em \u00abA Fazenda\u00bb,\u00a0Daniela (Soraia Tavares)\u00a0diz a Lukenia (Rita Cruz)\u00a0 que j\u00e1 fez uma estimativa para a festa do&hellip;\n","protected":false},"author":2,"featured_media":11319,"comment_status":"","ping_status":"","sticky":false,"template":"","format":"standard","meta":{"footnotes":""},"categories":[142],"tags":[657,160,166,2582,114,115,681,157,167,164,680,161,158,165,159,32,33,156,2583,683,163,151,162,682],"class_list":{"0":"post-105973","1":"post","2":"type-post","3":"status-publish","4":"format-standard","5":"has-post-thumbnail","7":"category-tv","8":"tag-a-fazenda","9":"tag-ana-guiomar","10":"tag-cristina-ferreira","11":"tag-daniela","12":"tag-entertainment","13":"tag-entretenimento","14":"tag-evandro-gomes","15":"tag-festa-e-festa","16":"tag-ficcao","17":"tag-jose-fidalgo","18":"tag-madalena-aragao","19":"tag-novelas","20":"tag-para-sempre","21":"tag-pedro-sousa","22":"tag-pedro-teixeira","23":"tag-portugal","24":"tag-pt","25":"tag-queridos-papas","26":"tag-soraia-tavares","27":"tag-talu","28":"tag-tiago-teotonio-pereira","29":"tag-tv","30":"tag-tvi","31":"tag-zuri"},"share_on_mastodon":{"url":"","error":""},"_links":{"self":[{"href":"https:\/\/www.europesays.com\/pt\/wp-json\/wp\/v2\/posts\/105973","targetHints":{"allow":["GET"]}}],"collection":[{"href":"https:\/\/www.europesays.com\/pt\/wp-json\/wp\/v2\/posts"}],"about":[{"href":"https:\/\/www.europesays.com\/pt\/wp-json\/wp\/v2\/types\/post"}],"author":[{"embeddable":true,"href":"https:\/\/www.europesays.com\/pt\/wp-json\/wp\/v2\/users\/2"}],"replies":[{"embeddable":true,"href":"https:\/\/www.europesays.com\/pt\/wp-json\/wp\/v2\/comments?post=105973"}],"version-history":[{"count":0,"href":"https:\/\/www.europesays.com\/pt\/wp-json\/wp\/v2\/posts\/105973\/revisions"}],"wp:featuredmedia":[{"embeddable":true,"href":"https:\/\/www.europesays.com\/pt\/wp-json\/wp\/v2\/media\/11319"}],"wp:attachment":[{"href":"https:\/\/www.europesays.com\/pt\/wp-json\/wp\/v2\/media?parent=105973"}],"wp:term":[{"taxonomy":"category","embeddable":true,"href":"https:\/\/www.europesays.com\/pt\/wp-json\/wp\/v2\/categories?post=105973"},{"taxonomy":"post_tag","embeddable":true,"href":"https:\/\/www.europesays.com\/pt\/wp-json\/wp\/v2\/tags?post=105973"}],"curies":[{"name":"wp","href":"https:\/\/api.w.org\/{rel}","templated":true}]}}