{"id":105991,"date":"2025-10-11T07:05:08","date_gmt":"2025-10-11T07:05:08","guid":{"rendered":"https:\/\/www.europesays.com\/pt\/105991\/"},"modified":"2025-10-11T07:05:08","modified_gmt":"2025-10-11T07:05:08","slug":"trump-anuncia-que-eua-vao-impor-sobretaxa-de-100-a-importacoes-da-china-a-partir-de-novembro","status":"publish","type":"post","link":"https:\/\/www.europesays.com\/pt\/105991\/","title":{"rendered":"Trump anuncia que EUA v\u00e3o impor sobretaxa de 100% a importa\u00e7\u00f5es da China a partir de novembro"},"content":{"rendered":"<p>Na quinta-feira, Pequim anunciou a imposi\u00e7\u00e3o imediata de controlos sobre as exporta\u00e7\u00f5es de tecnologias ligadas \u00e0s terras raras, refor\u00e7ando a regula\u00e7\u00e3o num setor central nas tens\u00f5es comerciais com os Estados Unidos, numa altura em que os dois pa\u00edses vinham negociando um acordo comercial.\u00a0<\/p>\n<p>O pa\u00eds asi\u00e1tico \u00e9 o maior produtor mundial destes minerais essenciais para as ind\u00fastrias digital, autom\u00f3vel, energ\u00e9tica e de defesa, cuja produ\u00e7\u00e3o pode ser severamente afetada pela falta dessas mat\u00e9rias-primas.\u00a0<\/p>\n<p>As terras raras t\u00eam sido um ponto de fric\u00e7\u00e3o nas recentes negocia\u00e7\u00f5es comerciais sino-americanas, com Washington a acusar Pequim de atrasar deliberadamente a aprova\u00e7\u00e3o de licen\u00e7as de exporta\u00e7\u00e3o.\u00a0<\/p>\n<p>Na sua mensagem, Trump afirma que \u201c\u00e9 imposs\u00edvel acreditar que a China tenha tomado tal atitude, mas tomou, e o resto \u00e9 hist\u00f3ria\u201d.\u00a0<\/p>\n<p>&#8220;A\u00a0China assumiu uma posi\u00e7\u00e3o extraordinariamente agressiva em rela\u00e7\u00e3o ao Com\u00e9rcio, enviando uma carta extremamente hostil ao mundo, afirmando que, a partir de 1 de novembro de 2025, iria impor Controlos de Exporta\u00e7\u00e3o em grande escala a praticamente todos os produtos que fabrica, incluindo alguns que nem sequer fabrica\u201d, afirma o Presidente norte-americano. \u00a0<\/p>\n<p>\u201cIsto afeta TODOS os pa\u00edses, sem exce\u00e7\u00e3o, e foi obviamente um plano elaborado por eles ao longo de anos. \u00c9 absolutamente in\u00e9dito no Com\u00e9rcio Internacional e uma vergonha moral em rela\u00e7\u00e3o \u00e0s outras na\u00e7\u00f5es\u201d, adiantou.\u00a0<\/p>\n<p>Depois de Trump ter imposto uma s\u00e9rie de sobretaxas que elevaram a 145% a taxa m\u00e1xima sobre importa\u00e7\u00f5es chinesas em abril, no m\u00eas seguinte as duas superpot\u00eancias econ\u00f3micas aceitaram reduzir temporariamente a taxa para\u00a030%, durante 90 dias, enquanto decorriam negocia\u00e7\u00f5es entre as partes.<\/p>\n<p>Em agosto, Trump prorrogou por mais 90 dias a taxa de 30%, at\u00e9 10 de novembro.\u00a0<\/p>\n<p>Sem a extens\u00e3o, as tarifas norte-americanas sobre os produtos chineses poderiam ter escalado para 145%, enquanto as tarifas de retalia\u00e7\u00e3o da China poderiam ter atingido\u00a0125%, aproximando-se efetivamente de um embargo comercial.\u00a0<\/p>\n<p>Tamb\u00e9m hoje, Trump descartou a possibilidade de se reunir com o l\u00edder chin\u00eas, Xi Jinping,\u00a0e amea\u00e7ou um &#8220;aumento maci\u00e7o&#8221; das tarifas sobre produtos chineses.\u00a0<\/p>\n<p>Trump tinha anunciado, em meados de setembro, que ia reunir-se com Xi, no final de outubro, durante uma viagem \u00e0 Coreia do Sul. Na ocasi\u00e3o, tamb\u00e9m disse que ia visitar a China &#8220;no in\u00edcio do pr\u00f3ximo ano&#8221;.\u00a0<\/p>\n<p>O an\u00fancio foi feito no final de uma conversa telef\u00f3nica entre os dois l\u00edderes, que tamb\u00e9m aprovaram um acordo sobre o futuro da rede social TikTok nos Estados Unidos.\u00a0<\/p>\n<p>O l\u00edder norte-americano destacou que a rela\u00e7\u00e3o entre Washington e Pequim tem sido boa nos \u00faltimos seis meses, o que, alegou, torna esta posi\u00e7\u00e3o &#8220;ainda mais surpreendente&#8221;.\u00a0<\/p>\n<p>&#8220;N\u00e3o h\u00e1 como permitir que a China mantenha o mundo &#8216;cativo&#8217;, mas esse parece o plano h\u00e1 algum tempo&#8221;, defendeu Trump, acusando Pequim de fazer &#8220;um movimento bastante sinistro e hostil&#8221; para acumular &#8220;silenciosamente&#8221; posi\u00e7\u00f5es de monop\u00f3lio.\u00a0<\/p>\n<p>Mas Trump avisou que os EUA tamb\u00e9m &#8220;t\u00eam posi\u00e7\u00f5es de monop\u00f3lio, muito mais fortes e abrangentes do que as da China&#8221;, avisou.\u00a0<\/p>\n<p>&#8220;Simplesmente, escolhi n\u00e3o os usar, nunca houve uma raz\u00e3o para o fazer &#8211;\u00a0at\u00e9 agora&#8221;, afirmou.\u00a0<\/p>\n","protected":false},"excerpt":{"rendered":"Na quinta-feira, Pequim anunciou a imposi\u00e7\u00e3o imediata de controlos sobre as exporta\u00e7\u00f5es de tecnologias ligadas \u00e0s terras raras,&hellip;\n","protected":false},"author":2,"featured_media":105992,"comment_status":"","ping_status":"","sticky":false,"template":"","format":"standard","meta":{"footnotes":""},"categories":[8],"tags":[27,28,358,92,413,15,16,14,25,26,21,22,12,13,19,20,32,23,24,33,717,17,18,29,30,31],"class_list":{"0":"post-105991","1":"post","2":"type-post","3":"status-publish","4":"format-standard","5":"has-post-thumbnail","7":"category-principais-noticias","8":"tag-breaking-news","9":"tag-breakingnews","10":"tag-china","11":"tag-donald-trump","12":"tag-eua","13":"tag-featured-news","14":"tag-featurednews","15":"tag-headlines","16":"tag-latest-news","17":"tag-latestnews","18":"tag-main-news","19":"tag-mainnews","20":"tag-news","21":"tag-noticias","22":"tag-noticias-principais","23":"tag-noticiasprincipais","24":"tag-portugal","25":"tag-principais-noticias","26":"tag-principaisnoticias","27":"tag-pt","28":"tag-tarifas","29":"tag-top-stories","30":"tag-topstories","31":"tag-ultimas","32":"tag-ultimas-noticias","33":"tag-ultimasnoticias"},"share_on_mastodon":{"url":"","error":""},"_links":{"self":[{"href":"https:\/\/www.europesays.com\/pt\/wp-json\/wp\/v2\/posts\/105991","targetHints":{"allow":["GET"]}}],"collection":[{"href":"https:\/\/www.europesays.com\/pt\/wp-json\/wp\/v2\/posts"}],"about":[{"href":"https:\/\/www.europesays.com\/pt\/wp-json\/wp\/v2\/types\/post"}],"author":[{"embeddable":true,"href":"https:\/\/www.europesays.com\/pt\/wp-json\/wp\/v2\/users\/2"}],"replies":[{"embeddable":true,"href":"https:\/\/www.europesays.com\/pt\/wp-json\/wp\/v2\/comments?post=105991"}],"version-history":[{"count":0,"href":"https:\/\/www.europesays.com\/pt\/wp-json\/wp\/v2\/posts\/105991\/revisions"}],"wp:featuredmedia":[{"embeddable":true,"href":"https:\/\/www.europesays.com\/pt\/wp-json\/wp\/v2\/media\/105992"}],"wp:attachment":[{"href":"https:\/\/www.europesays.com\/pt\/wp-json\/wp\/v2\/media?parent=105991"}],"wp:term":[{"taxonomy":"category","embeddable":true,"href":"https:\/\/www.europesays.com\/pt\/wp-json\/wp\/v2\/categories?post=105991"},{"taxonomy":"post_tag","embeddable":true,"href":"https:\/\/www.europesays.com\/pt\/wp-json\/wp\/v2\/tags?post=105991"}],"curies":[{"name":"wp","href":"https:\/\/api.w.org\/{rel}","templated":true}]}}