{"id":105999,"date":"2025-10-11T07:18:09","date_gmt":"2025-10-11T07:18:09","guid":{"rendered":"https:\/\/www.europesays.com\/pt\/105999\/"},"modified":"2025-10-11T07:18:09","modified_gmt":"2025-10-11T07:18:09","slug":"hoje-o-tratamento-e-personalizado-diz-mastologista-sobre-diagnostico-precoce-do-cancer-de-mama","status":"publish","type":"post","link":"https:\/\/www.europesays.com\/pt\/105999\/","title":{"rendered":"\u201cHoje o tratamento \u00e9 personalizado\u201d, diz mastologista sobre diagn\u00f3stico precoce do c\u00e2ncer de mama"},"content":{"rendered":"<p><img fetchpriority=\"high\" decoding=\"async\" class=\"w-fit lg:w-full\" loading=\"eager\" src=\"https:\/\/www.europesays.com\/pt\/wp-content\/uploads\/2025\/10\/5443489_7be8ebcce62fdea.jpg\" title=\"Hospital de Cl\u00ednicas de Iju\u00ed \/ Divulga\u00e7\u00e3o\" alt=\"Hospital de Cl\u00ednicas de Iju\u00ed \/ Divulga\u00e7\u00e3o\" width=\"700\" height=\"477\"\/>Cerca de 60% dos casos do c\u00e2ncer de mama no Brasil s\u00e3o em mulheres entre os 50 e 74 anos.Hospital de Cl\u00ednicas de Iju\u00ed \/ Divulga\u00e7\u00e3o<\/p>\n<p>O <strong>Outubro Rosa<\/strong> refor\u00e7a um alerta que precisa durar o ano inteiro: o <strong>diagn\u00f3stico precoce salva vidas<\/strong>. Isso porque o <strong>c\u00e2ncer de mama<\/strong> \u00e9 um dos tipos mais <strong>comuns da doen\u00e7a entre as mulheres brasileiras<\/strong>, atr\u00e1s apenas do c\u00e2ncer de pele n\u00e3o melanoma.<\/p>\n<p>Assim, a mastologista do Hospital de Cl\u00ednicas de Iju\u00ed (HCI), Maria Cristina Biesdorf Pretto, explica que, apesar dos avan\u00e7os no tratamento, o <strong>acompanhamento preventivo<\/strong> ainda \u00e9 o principal aliado na cura.<\/p>\n<p>\u2014 Quando se encontra um n\u00f3dulo na mama, a <strong>maior probabilidade \u00e9 de que ele seja benigno<\/strong>. Quando aparece no exame BI-RADS 4, que indica a necessidade de bi\u00f3psia, n\u00e3o necessariamente vai ser um c\u00e2ncer de mama \u2014 esclarece.<\/p>\n<p>Exames na rotina<\/p>\n<p>At\u00e9 recentemente, a <strong>mamografia<\/strong> oferecida pelo Sistema \u00danico de Sa\u00fade (SUS) era indicada apenas para mulheres a partir dos 50 anos. Em contrapartida, as sociedades m\u00e9dicas de radiologia e mastologia j\u00e1<strong> <\/strong>defendiam o<strong> in\u00edcio do rastreamento aos 40 anos<\/strong>.\u00a0<\/p>\n<p>Em 2025, o Minist\u00e9rio da Sa\u00fade <strong>atualizou a recomenda\u00e7\u00e3o<\/strong> e garantiu o acesso ao exame tamb\u00e9m para mulheres entre 40 e 49 anos, mesmo sem sintomas. A faixa et\u00e1ria responde por cerca de<strong> 23% dos casos de c\u00e2ncer de mama<\/strong>.<\/p>\n<p>Outra atualiza\u00e7\u00e3o \u00e9 a <strong>amplia\u00e7\u00e3o da faixa et\u00e1ria para o rastreamento ativo<\/strong>, ou seja, quando a mamografia deve ser solicitada preventivamente a cada dois anos. Esta passou de 69 para 74 anos, visto que cerca de <strong>60% dos casos da doen\u00e7a est\u00e3o concentrados em mulheres dos 50 aos 74 anos<\/strong>.\u00a0<\/p>\n<p>Antes dos 40 anos, a doen\u00e7a \u00e9 menos frequente, mas a mastologista refor\u00e7a a import\u00e2ncia da <strong>autoavalia\u00e7\u00e3o:<\/strong><\/p>\n<p>\u2014 \u00c9 importante se conhecer, se olhar no espelho e <strong>ver se um mamilo est\u00e1 igual ao outro<\/strong>. Durante essa autoavalia\u00e7\u00e3o, a mulher pode <strong>levantar os bra\u00e7os<\/strong> e ver se as duas mamas se movimentam da mesma forma e se n\u00e3o aparece algum abaulamento. Lembrando que a<strong> maneira correta de apalpar a mama \u00e9 com os dedos juntos<\/strong> e n\u00e3o fazendo um dedilhado, porque isso diminui muito a percep\u00e7\u00e3o.<\/p>\n<p>Diagn\u00f3stico e tratamento<\/p>\n<p><img decoding=\"async\" class=\"w-fit lg:w-full\" loading=\"eager\" src=\"https:\/\/www.europesays.com\/pt\/wp-content\/uploads\/2025\/10\/5443500_ffefd86205e8a03.jpg\" title=\"Hospital de Cl\u00ednicas de Iju\u00ed \/ Divulga\u00e7\u00e3o\" alt=\"Hospital de Cl\u00ednicas de Iju\u00ed \/ Divulga\u00e7\u00e3o\" width=\"700\" height=\"477\"\/>Minist\u00e9rio da Sa\u00fade ampliou a faixa et\u00e1ria para o rastreamento ativo do c\u00e2ncer de mama.Hospital de Cl\u00ednicas de Iju\u00ed \/ Divulga\u00e7\u00e3o<\/p>\n<p>Uma pesquisa divulgada pelo Instituto Nacional de C\u00e2ncer (Inca) no in\u00edcio deste m\u00eas aponta que as <strong>regi\u00f5es Sul e Sudeste concentram as maiores taxas <\/strong>de c\u00e2ncer de mama no pa\u00eds.<\/p>\n<p>Ainda de acordo com o estudo, o Brasil deve contabilizar mais de 73 mil novos casos por ano entre 2023 e 2025 \u2014 equivalente a 41,89 diagn\u00f3sticos a cada 100 mil mulheres. Desse total, <strong>11.230 devem ocorrer na Regi\u00e3o Sul<\/strong>, onde o <strong>Rio Grande do Sul <\/strong>aparece em segundo lugar, atr\u00e1s de Santa Catarina.<\/p>\n<p>Maria Cristina ressalta que cada caso \u00e9 avaliado individualmente, considerando as caracter\u00edsticas do tumor.\u00a0<\/p>\n<p>\u2014 Hoje o <strong>tratamento \u00e9 personalizado<\/strong>. Pode incluir quimioterapia, imunoterapia ou terapia alvo molecular, por exemplo. N\u00e3o \u00e9 mais como antigamente, quando todas as pacientes faziam o mesmo tratamento. N\u00e3o existia um direcionamento \u2014 disse a m\u00e9dica.<\/p>\n<p>A mastologista lembra ainda que o cen\u00e1rio mudou muito. Mesmo nos casos mais avan\u00e7ados, h\u00e1 <strong>op\u00e7\u00f5es de tratamento que permitem qualidade de vida<\/strong>.\u00a0<\/p>\n<p>\u2014 H\u00e1 uma gera\u00e7\u00e3o que ainda associa o diagn\u00f3stico \u00e0 morte, porque via isso acontecer no passado e, por isso, muitas mulheres ainda t\u00eam medo de ir atr\u00e1s. De uma forma geral, juntando todos os est\u00e1gios, dos mais precoces at\u00e9 mais avan\u00e7ados, seja no SUS, sistema privado ou plano de sa\u00fade, <strong>em torno de 80% dos c\u00e2nceres de mama s\u00e3o cur\u00e1veis <\/strong>\u2014 pontua.<\/p>\n<p>\ud83e\udd33 <strong>Para ler mais sobre o que acontece na regi\u00e3o, entre no canal de GZH Passo Fundo no WhatsApp e receba as principais informa\u00e7\u00f5es do dia. <\/strong><a href=\"https:\/\/gzh.digital\/canalpf\" target=\"_blank\" rel=\"nofollow noopener\"><strong>Clique aqui e acesse.<\/strong><\/a><\/p>\n","protected":false},"excerpt":{"rendered":"Cerca de 60% dos casos do c\u00e2ncer de mama no Brasil s\u00e3o em mulheres entre os 50 e&hellip;\n","protected":false},"author":2,"featured_media":106000,"comment_status":"","ping_status":"","sticky":false,"template":"","format":"standard","meta":{"footnotes":""},"categories":[86],"tags":[5960,25444,116,23854,1497,32,33,117],"class_list":{"0":"post-105999","1":"post","2":"type-post","3":"status-publish","4":"format-standard","5":"has-post-thumbnail","7":"category-saude","8":"tag-cancer-de-mama","9":"tag-combate-ao-cancer","10":"tag-health","11":"tag-mamografia","12":"tag-norte-do-rs","13":"tag-portugal","14":"tag-pt","15":"tag-saude"},"share_on_mastodon":{"url":"","error":""},"_links":{"self":[{"href":"https:\/\/www.europesays.com\/pt\/wp-json\/wp\/v2\/posts\/105999","targetHints":{"allow":["GET"]}}],"collection":[{"href":"https:\/\/www.europesays.com\/pt\/wp-json\/wp\/v2\/posts"}],"about":[{"href":"https:\/\/www.europesays.com\/pt\/wp-json\/wp\/v2\/types\/post"}],"author":[{"embeddable":true,"href":"https:\/\/www.europesays.com\/pt\/wp-json\/wp\/v2\/users\/2"}],"replies":[{"embeddable":true,"href":"https:\/\/www.europesays.com\/pt\/wp-json\/wp\/v2\/comments?post=105999"}],"version-history":[{"count":0,"href":"https:\/\/www.europesays.com\/pt\/wp-json\/wp\/v2\/posts\/105999\/revisions"}],"wp:featuredmedia":[{"embeddable":true,"href":"https:\/\/www.europesays.com\/pt\/wp-json\/wp\/v2\/media\/106000"}],"wp:attachment":[{"href":"https:\/\/www.europesays.com\/pt\/wp-json\/wp\/v2\/media?parent=105999"}],"wp:term":[{"taxonomy":"category","embeddable":true,"href":"https:\/\/www.europesays.com\/pt\/wp-json\/wp\/v2\/categories?post=105999"},{"taxonomy":"post_tag","embeddable":true,"href":"https:\/\/www.europesays.com\/pt\/wp-json\/wp\/v2\/tags?post=105999"}],"curies":[{"name":"wp","href":"https:\/\/api.w.org\/{rel}","templated":true}]}}