{"id":106001,"date":"2025-10-11T07:22:07","date_gmt":"2025-10-11T07:22:07","guid":{"rendered":"https:\/\/www.europesays.com\/pt\/106001\/"},"modified":"2025-10-11T07:22:07","modified_gmt":"2025-10-11T07:22:07","slug":"como-um-telefonema-mudou-a-dinamica-do-conflito-em-gaza","status":"publish","type":"post","link":"https:\/\/www.europesays.com\/pt\/106001\/","title":{"rendered":"Como um Telefonema Mudou a Din\u00e2mica do Conflito em Gaza"},"content":{"rendered":"<p>Agora, depois de assinar na quarta-feira um acordo de cessar-fogo mediado por Trump, o Hamas depositou ainda mais f\u00e9 na palavra do l\u00edder da Casa Branca, que j\u00e1 este ano prop\u00f4s expulsar os palestinianos de Gaza e reconstru\u00ed-la como um resort tur\u00edstico controlado pelos Estados Unidos.<\/p>\n<p>No \u00e2mbito desse acordo, que entrou esta sexta-feira, 10 de outubro, em vigor, o Hamas aceitou entregar ref\u00e9ns na sua posse sem que se tivesse ficado acordada a retirada total de Israel do enclave. Uma aposta arriscada baseada no envolvimento profundo que Trump tem no processo, mas feita numa altura em que o movimento islamita palestiniano entende que a reten\u00e7\u00e3o de ref\u00e9ns mina o apoio global \u00e0 causa da Palestina. <\/p>\n<p><strong>Os l\u00edderes do grupo est\u00e3o cientes de que este tiro poder\u00e1 sair pela culatra e que Israel retome a campanha militar<\/strong> assim que os ref\u00e9ns forem libertados, como aconteceu ap\u00f3s um cessar-fogo em janeiro, no qual Trump e a sua equipa estiveram envolvidos. <\/p>\n<p>No entanto, e apesar de algumas das suas reivindica\u00e7\u00f5es ainda estejam por resolver, incluindo o in\u00edcio de uma caminhada que conduza \u00e0 cria\u00e7\u00e3o de um Estado palestiniano, o <strong>Hamas sentiu-se suficientemente tranquilizado pela presen\u00e7a de algumas das pessoas mais pr\u00f3ximas de Trump<\/strong> nas conversa\u00e7\u00f5es indiretas com Israel num centro de confer\u00eancias no resort eg\u00edpcio de Sharm el-Sheikh, no Mar Vermelho.<\/p>\n","protected":false},"excerpt":{"rendered":"Agora, depois de assinar na quarta-feira um acordo de cessar-fogo mediado por Trump, o Hamas depositou ainda mais&hellip;\n","protected":false},"author":2,"featured_media":106002,"comment_status":"","ping_status":"","sticky":false,"template":"","format":"standard","meta":{"footnotes":""},"categories":[50],"tags":[27,28,92,257,15,16,7961,255,14,259,25,26,21,22,432,62,12,13,19,20,23,24,17,18,29,30,31,63,64,65],"class_list":{"0":"post-106001","1":"post","2":"type-post","3":"status-publish","4":"format-standard","5":"has-post-thumbnail","7":"category-mundo","8":"tag-breaking-news","9":"tag-breakingnews","10":"tag-donald-trump","11":"tag-faixa-de-gaza","12":"tag-featured-news","13":"tag-featurednews","14":"tag-guerra-israel-hamas","15":"tag-hamas","16":"tag-headlines","17":"tag-israel","18":"tag-latest-news","19":"tag-latestnews","20":"tag-main-news","21":"tag-mainnews","22":"tag-medio-oriente","23":"tag-mundo","24":"tag-news","25":"tag-noticias","26":"tag-noticias-principais","27":"tag-noticiasprincipais","28":"tag-principais-noticias","29":"tag-principaisnoticias","30":"tag-top-stories","31":"tag-topstories","32":"tag-ultimas","33":"tag-ultimas-noticias","34":"tag-ultimasnoticias","35":"tag-world","36":"tag-world-news","37":"tag-worldnews"},"share_on_mastodon":{"url":"","error":""},"_links":{"self":[{"href":"https:\/\/www.europesays.com\/pt\/wp-json\/wp\/v2\/posts\/106001","targetHints":{"allow":["GET"]}}],"collection":[{"href":"https:\/\/www.europesays.com\/pt\/wp-json\/wp\/v2\/posts"}],"about":[{"href":"https:\/\/www.europesays.com\/pt\/wp-json\/wp\/v2\/types\/post"}],"author":[{"embeddable":true,"href":"https:\/\/www.europesays.com\/pt\/wp-json\/wp\/v2\/users\/2"}],"replies":[{"embeddable":true,"href":"https:\/\/www.europesays.com\/pt\/wp-json\/wp\/v2\/comments?post=106001"}],"version-history":[{"count":0,"href":"https:\/\/www.europesays.com\/pt\/wp-json\/wp\/v2\/posts\/106001\/revisions"}],"wp:featuredmedia":[{"embeddable":true,"href":"https:\/\/www.europesays.com\/pt\/wp-json\/wp\/v2\/media\/106002"}],"wp:attachment":[{"href":"https:\/\/www.europesays.com\/pt\/wp-json\/wp\/v2\/media?parent=106001"}],"wp:term":[{"taxonomy":"category","embeddable":true,"href":"https:\/\/www.europesays.com\/pt\/wp-json\/wp\/v2\/categories?post=106001"},{"taxonomy":"post_tag","embeddable":true,"href":"https:\/\/www.europesays.com\/pt\/wp-json\/wp\/v2\/tags?post=106001"}],"curies":[{"name":"wp","href":"https:\/\/api.w.org\/{rel}","templated":true}]}}