{"id":106005,"date":"2025-10-11T07:30:10","date_gmt":"2025-10-11T07:30:10","guid":{"rendered":"https:\/\/www.europesays.com\/pt\/106005\/"},"modified":"2025-10-11T07:30:10","modified_gmt":"2025-10-11T07:30:10","slug":"francisco-monteiro-lanca-farpas-sobre-polemica-de-marisa-e-fabio-nao-me-iria-controlar","status":"publish","type":"post","link":"https:\/\/www.europesays.com\/pt\/106005\/","title":{"rendered":"Francisco Monteiro lan\u00e7a \u201cfarpas\u201d sobre pol\u00e9mica de Marisa e F\u00e1bio: \u201cN\u00e3o me iria controlar\u2026\u201d"},"content":{"rendered":"<p>\t\t\t\t\t\t\t\t\t\t\t\t\t\tFrancisco Monteiro \u00e9 um dos comentadores oficiais do \u201cSecret Story 9\u201d, da TVI.<\/p>\n<p>O vencedor do \u201cBig Brother 2023\u201d est\u00e1 mais ausente do pequeno ecr\u00e3 e tem aparecido poucas vezes ao longo da semana para comentar.<\/p>\n<p>Entretanto, Francisco Monteiro j\u00e1 explicou que este afastamento se prende com quest\u00f5es log\u00edsticas das viagens Porto \u2013 Lisboa, e vice-versa.<\/p>\n<p>Na sexta-feira, 10 de outubro, o comentador n\u00e3o ficou indiferente ao pol\u00e9mico momento em que F\u00e1bio colocou a m\u00e3o dentro das cal\u00e7as de Marisa, sem o seu consentimento, durante uma brincadeira.<\/p>\n<p>Nas redes sociais, Francisco Monteiro atirou, em jeito de cr\u00edtica: <strong>\u201c<\/strong><strong>Esta semana at\u00e9 calhou bem porque provavelmente n\u00e3o me iria controlar naquilo que tinha para dizer e n\u00e3o seria bom para mim\u201d<\/strong>.<\/p>\n<p><strong>\u201c<\/strong><strong>Talvez comece a guardar as chaves do meu carro dentro da minha roupa interior, ainda assim pode haver algu\u00e9m que ache normal ir l\u00e1 pegar nelas sem o meu consentimento\u201d<\/strong> \u2013 lamentou.<\/p>\n<p>Veja aqui:<\/p>\n<p><img loading=\"lazy\" decoding=\"async\" class=\"alignnone size-full wp-image-642664\" src=\"https:\/\/www.europesays.com\/pt\/wp-content\/uploads\/2025\/10\/chico.png\" alt=\"\" width=\"462\" height=\"827\"  \/><\/p>\n","protected":false},"excerpt":{"rendered":"Francisco Monteiro \u00e9 um dos comentadores oficiais do \u201cSecret Story 9\u201d, da TVI. O vencedor do \u201cBig Brother&hellip;\n","protected":false},"author":2,"featured_media":106006,"comment_status":"","ping_status":"","sticky":false,"template":"","format":"standard","meta":{"footnotes":""},"categories":[145],"tags":[2632,211,210,114,115,2071,24621,19184,8063,32,33],"class_list":{"0":"post-106005","1":"post","2":"type-post","3":"status-publish","4":"format-standard","5":"has-post-thumbnail","7":"category-celebridades","8":"tag-casa-dos-segredos","9":"tag-celebridades","10":"tag-celebrities","11":"tag-entertainment","12":"tag-entretenimento","13":"tag-francisco-monteiro","14":"tag-fu00e1bio","15":"tag-marisa","16":"tag-ovo","17":"tag-portugal","18":"tag-pt"},"share_on_mastodon":{"url":"","error":""},"_links":{"self":[{"href":"https:\/\/www.europesays.com\/pt\/wp-json\/wp\/v2\/posts\/106005","targetHints":{"allow":["GET"]}}],"collection":[{"href":"https:\/\/www.europesays.com\/pt\/wp-json\/wp\/v2\/posts"}],"about":[{"href":"https:\/\/www.europesays.com\/pt\/wp-json\/wp\/v2\/types\/post"}],"author":[{"embeddable":true,"href":"https:\/\/www.europesays.com\/pt\/wp-json\/wp\/v2\/users\/2"}],"replies":[{"embeddable":true,"href":"https:\/\/www.europesays.com\/pt\/wp-json\/wp\/v2\/comments?post=106005"}],"version-history":[{"count":0,"href":"https:\/\/www.europesays.com\/pt\/wp-json\/wp\/v2\/posts\/106005\/revisions"}],"wp:featuredmedia":[{"embeddable":true,"href":"https:\/\/www.europesays.com\/pt\/wp-json\/wp\/v2\/media\/106006"}],"wp:attachment":[{"href":"https:\/\/www.europesays.com\/pt\/wp-json\/wp\/v2\/media?parent=106005"}],"wp:term":[{"taxonomy":"category","embeddable":true,"href":"https:\/\/www.europesays.com\/pt\/wp-json\/wp\/v2\/categories?post=106005"},{"taxonomy":"post_tag","embeddable":true,"href":"https:\/\/www.europesays.com\/pt\/wp-json\/wp\/v2\/tags?post=106005"}],"curies":[{"name":"wp","href":"https:\/\/api.w.org\/{rel}","templated":true}]}}