{"id":106011,"date":"2025-10-11T07:36:05","date_gmt":"2025-10-11T07:36:05","guid":{"rendered":"https:\/\/www.europesays.com\/pt\/106011\/"},"modified":"2025-10-11T07:36:05","modified_gmt":"2025-10-11T07:36:05","slug":"claudio-ramos-desafia-logica-de-farioli-fc-porto","status":"publish","type":"post","link":"https:\/\/www.europesays.com\/pt\/106011\/","title":{"rendered":"Cl\u00e1udio Ramos desafia l\u00f3gica de Farioli &#8211; FC Porto"},"content":{"rendered":"<p>                    03:33<\/p>\n<p>Treinador n\u00e3o fez rota\u00e7\u00e3o de guarda-redes na Ta\u00e7a no Ajax e no Nice. Estatuto e qualidade do suplente de Diogo Costa podem levar a uma mudan\u00e7a de ideias com o Celoricense<\/p>\n<p class=\"\">&#13;<br \/>\n        Na sombra de Diogo Costa desde que foi contratado ao Tondela no ver\u00e3o de 2020, Cl\u00e1udio Ramos tem tido nas ta\u00e7as a maioria das oportunidades para tirar o p\u00f3 \u00e0s luvas. Um cen\u00e1rio que para se verificar esta \u00e9poca obrigar\u00e1 Francesco Farioli a alterar a filosofia adotada aquando das passagens pelo Ajax e pelo Nice, onde o treinador nunca fez rota\u00e7\u00e3o de guarda-redes nos jogos a contar para as ta\u00e7as. &#13;\n    <\/p>\n<p>                        Para ler TODOS OS ARTIGOS RECORD PREMIUM durante o dia 11.10.2025 insira o seu n\u00famero de telem\u00f3vel e clique em OK<\/p>\n<p>Consulte a aplica\u00e7\u00e3o MBway no seu telem\u00f3vel e aceite a transa\u00e7\u00e3o&#13;\n                    <\/p>\n<p>                        Os seus dados n\u00e3o ser\u00e3o guardados pelo Record<\/p>\n<p>                    Por Jos\u00e9 Miguel Machado<\/p>\n","protected":false},"excerpt":{"rendered":"03:33 Treinador n\u00e3o fez rota\u00e7\u00e3o de guarda-redes na Ta\u00e7a no Ajax e no Nice. Estatuto e qualidade do&hellip;\n","protected":false},"author":2,"featured_media":106012,"comment_status":"","ping_status":"","sticky":false,"template":"","format":"standard","meta":{"footnotes":""},"categories":[87],"tags":[135,32,33,134],"class_list":{"0":"post-106011","1":"post","2":"type-post","3":"status-publish","4":"format-standard","5":"has-post-thumbnail","7":"category-desporto","8":"tag-desporto","9":"tag-portugal","10":"tag-pt","11":"tag-sports"},"share_on_mastodon":{"url":"","error":""},"_links":{"self":[{"href":"https:\/\/www.europesays.com\/pt\/wp-json\/wp\/v2\/posts\/106011","targetHints":{"allow":["GET"]}}],"collection":[{"href":"https:\/\/www.europesays.com\/pt\/wp-json\/wp\/v2\/posts"}],"about":[{"href":"https:\/\/www.europesays.com\/pt\/wp-json\/wp\/v2\/types\/post"}],"author":[{"embeddable":true,"href":"https:\/\/www.europesays.com\/pt\/wp-json\/wp\/v2\/users\/2"}],"replies":[{"embeddable":true,"href":"https:\/\/www.europesays.com\/pt\/wp-json\/wp\/v2\/comments?post=106011"}],"version-history":[{"count":0,"href":"https:\/\/www.europesays.com\/pt\/wp-json\/wp\/v2\/posts\/106011\/revisions"}],"wp:featuredmedia":[{"embeddable":true,"href":"https:\/\/www.europesays.com\/pt\/wp-json\/wp\/v2\/media\/106012"}],"wp:attachment":[{"href":"https:\/\/www.europesays.com\/pt\/wp-json\/wp\/v2\/media?parent=106011"}],"wp:term":[{"taxonomy":"category","embeddable":true,"href":"https:\/\/www.europesays.com\/pt\/wp-json\/wp\/v2\/categories?post=106011"},{"taxonomy":"post_tag","embeddable":true,"href":"https:\/\/www.europesays.com\/pt\/wp-json\/wp\/v2\/tags?post=106011"}],"curies":[{"name":"wp","href":"https:\/\/api.w.org\/{rel}","templated":true}]}}