{"id":106018,"date":"2025-10-11T07:41:07","date_gmt":"2025-10-11T07:41:07","guid":{"rendered":"https:\/\/www.europesays.com\/pt\/106018\/"},"modified":"2025-10-11T07:41:07","modified_gmt":"2025-10-11T07:41:07","slug":"lider-de-extrema-direita-neerlandes-suspende-campanha-apos-ameacas","status":"publish","type":"post","link":"https:\/\/www.europesays.com\/pt\/106018\/","title":{"rendered":"L\u00edder de extrema-direita neerland\u00eas suspende campanha ap\u00f3s amea\u00e7as"},"content":{"rendered":"<p>Numa mensagem publicada na rede social X, Wilders explicou ter sido informado pela ag\u00eancia de servi\u00e7os secretos neerlandesa (NCTV) de que era tamb\u00e9m visado no atentado contra Bart De Wever.<\/p>\n<p>&#8220;A NCTV n\u00e3o prev\u00ea uma &#8216;amea\u00e7a residual&#8217;, mas tenho um mau pressentimento e, por isso, estou a suspender todas as minhas a\u00e7\u00f5es de campanha por enquanto&#8221;, acrescentou.<\/p>\n<p>Na quinta-feira, a justi\u00e7a belga anunciou que foi frustrado um atentado extremista com um drone dirigido ao chefe do Governo belga e que tr\u00eas pessoas foram detidas.<\/p>\n<p>Segundo um jornalista do meio de comunica\u00e7\u00e3o belga VTM Nieuws, Wilders, que \u00e9 regularmente alvo de grupos extremistas, tamb\u00e9m era visado, assim como o presidente da C\u00e2mara de Antu\u00e9rpia, Els van Doesburg.<\/p>\n<p>&#8220;Est\u00e1 a decorrer uma investiga\u00e7\u00e3o para determinar a veracidade destas informa\u00e7\u00f5es. Enquanto n\u00e3o tiver a certeza, n\u00e3o sairei de onde estou&#8221;, escreveu afirmou Wilders na mesma mensagem.<\/p>\n<p>A mensagem foi publicada poucos minutos antes do in\u00edcio de um debate na r\u00e1dio neerlandesa, no \u00e2mbito da campanha eleitoral para as elei\u00e7\u00f5es legislativas antecipadas de 29 de outubro nos Pa\u00edses Baixos.<\/p>\n<p>O partido de Wilders, o PVV, lidera as inten\u00e7\u00f5es de voto nas sondagens.<\/p>\n<p>Anti-Isl\u00e3o e anti-imigra\u00e7\u00e3o, Wilders \u00e9 regularmente alvo de amea\u00e7as de morte e est\u00e1 sob permanente prote\u00e7\u00e3o policial desde 2004.<\/p>\n<p>Leia Tamb\u00e9m: <a href=\"https:\/\/www.noticiasaominuto.com\/pais\/2868380\/extrema-direita-aproveita-desertos-noticiosos-para-amplificar-mensagens\" target=\"_blank\" rel=\"noreferrer noopener nofollow\">Extrema-direita aproveita &#8220;desertos noticiosos&#8221; para amplificar mensagens<\/a><\/p>\n","protected":false},"excerpt":{"rendered":"Numa mensagem publicada na rede social X, Wilders explicou ter sido informado pela ag\u00eancia de servi\u00e7os secretos neerlandesa&hellip;\n","protected":false},"author":2,"featured_media":106019,"comment_status":"","ping_status":"","sticky":false,"template":"","format":"standard","meta":{"footnotes":""},"categories":[50],"tags":[27,28,15,16,14,25,26,21,22,62,12,13,19,20,23,24,17,18,29,30,31,63,64,65],"class_list":{"0":"post-106018","1":"post","2":"type-post","3":"status-publish","4":"format-standard","5":"has-post-thumbnail","7":"category-mundo","8":"tag-breaking-news","9":"tag-breakingnews","10":"tag-featured-news","11":"tag-featurednews","12":"tag-headlines","13":"tag-latest-news","14":"tag-latestnews","15":"tag-main-news","16":"tag-mainnews","17":"tag-mundo","18":"tag-news","19":"tag-noticias","20":"tag-noticias-principais","21":"tag-noticiasprincipais","22":"tag-principais-noticias","23":"tag-principaisnoticias","24":"tag-top-stories","25":"tag-topstories","26":"tag-ultimas","27":"tag-ultimas-noticias","28":"tag-ultimasnoticias","29":"tag-world","30":"tag-world-news","31":"tag-worldnews"},"share_on_mastodon":{"url":"","error":""},"_links":{"self":[{"href":"https:\/\/www.europesays.com\/pt\/wp-json\/wp\/v2\/posts\/106018","targetHints":{"allow":["GET"]}}],"collection":[{"href":"https:\/\/www.europesays.com\/pt\/wp-json\/wp\/v2\/posts"}],"about":[{"href":"https:\/\/www.europesays.com\/pt\/wp-json\/wp\/v2\/types\/post"}],"author":[{"embeddable":true,"href":"https:\/\/www.europesays.com\/pt\/wp-json\/wp\/v2\/users\/2"}],"replies":[{"embeddable":true,"href":"https:\/\/www.europesays.com\/pt\/wp-json\/wp\/v2\/comments?post=106018"}],"version-history":[{"count":0,"href":"https:\/\/www.europesays.com\/pt\/wp-json\/wp\/v2\/posts\/106018\/revisions"}],"wp:featuredmedia":[{"embeddable":true,"href":"https:\/\/www.europesays.com\/pt\/wp-json\/wp\/v2\/media\/106019"}],"wp:attachment":[{"href":"https:\/\/www.europesays.com\/pt\/wp-json\/wp\/v2\/media?parent=106018"}],"wp:term":[{"taxonomy":"category","embeddable":true,"href":"https:\/\/www.europesays.com\/pt\/wp-json\/wp\/v2\/categories?post=106018"},{"taxonomy":"post_tag","embeddable":true,"href":"https:\/\/www.europesays.com\/pt\/wp-json\/wp\/v2\/tags?post=106018"}],"curies":[{"name":"wp","href":"https:\/\/api.w.org\/{rel}","templated":true}]}}