{"id":106042,"date":"2025-10-11T08:05:09","date_gmt":"2025-10-11T08:05:09","guid":{"rendered":"https:\/\/www.europesays.com\/pt\/106042\/"},"modified":"2025-10-11T08:05:09","modified_gmt":"2025-10-11T08:05:09","slug":"indonesia-recusa-vistos-a-ginastas-israelitas-para-mundial-fig-nao-revela-se-tomara-medidas-contra-jacarta","status":"publish","type":"post","link":"https:\/\/www.europesays.com\/pt\/106042\/","title":{"rendered":"Indon\u00e9sia recusa vistos a ginastas israelitas para Mundial. FIG n\u00e3o revela se tomar\u00e1 medidas contra Jacarta"},"content":{"rendered":"<p>O Governo da Indon\u00e9sia recusou conceder vistos a atletas israelitas que iriam participar no Mundial de Gin\u00e1stica Art\u00edstica, a realizar em Jacarta, entre 19 e 25 de outubro.<\/p>\n<p>Confrontado com a decis\u00e3o de Jacarta, a Federa\u00e7\u00e3o Internacional de Gin\u00e1stica (FIG) disse que tomou conhecimento da mesma, mas n\u00e3o revelou se ir\u00e1 tomar uma posi\u00e7\u00e3o oficial ou aplicar algum tipo de san\u00e7\u00e3o.<\/p>\n<p><a href=\"https:\/\/sportinforma.sapo.pt\/\" target=\"_blank\" rel=\"noreferrer noopener nofollow\">&#8211; Tudo sobre o desporto nacional e internacional em<b id=\"s-b-embed-0\" data-stringify-type=\"bold\">\u00a0<\/b><b>sportinforma.sapo.pt &#8211;<\/b><\/a><\/p>\n<p>O organismo que rege a modalidade a n\u00edvel mundial apenas revelou, citado pela AFP, que espera ser &#8220;criado o mais rapidamente poss\u00edvel um ambiente suscet\u00edvel de os atletas de todo o mundo poderem praticar o desporto com todas as condi\u00e7\u00f5es de seguran\u00e7a e tranquilidade&#8221; durante os Mundiais de gin\u00e1stica art\u00edstica.<\/p>\n<p>A Federa\u00e7\u00e3o Indon\u00e9sia de Gin\u00e1stica garante que a FIG estava avisada da decis\u00e3o desde a \u00faltima 6.\u00aa feira.<\/p>\n<p>O Mundial de Gin\u00e1stica Art\u00edstica contar\u00e1 com a participa\u00e7\u00e3o de 500 ginastas, de 80 pa\u00edses.<\/p>\n<p>De recordar que a Indon\u00e9sia, um dos pa\u00edses mu\u00e7ulmanos mais populosos do Mundo, n\u00e3o mant\u00e9m rela\u00e7\u00f5es diplom\u00e1ticas com Israel. O Governo de Jacarta tem sido muito cr\u00edtico com Israel por causa da ofensiva militar na Faixa de Gaza, que j\u00e1 fez mais de 67.000 mortos e de 170.000 feridos, na maioria civis, de acordo com dados do Minist\u00e9rio da Sa\u00fade de Gaza, controlado pelo Hamas.<\/p>\n","protected":false},"excerpt":{"rendered":"O Governo da Indon\u00e9sia recusou conceder vistos a atletas israelitas que iriam participar no Mundial de Gin\u00e1stica Art\u00edstica,&hellip;\n","protected":false},"author":2,"featured_media":106043,"comment_status":"","ping_status":"","sticky":false,"template":"","format":"standard","meta":{"footnotes":""},"categories":[87],"tags":[135,32,33,134],"class_list":{"0":"post-106042","1":"post","2":"type-post","3":"status-publish","4":"format-standard","5":"has-post-thumbnail","7":"category-desporto","8":"tag-desporto","9":"tag-portugal","10":"tag-pt","11":"tag-sports"},"share_on_mastodon":{"url":"","error":""},"_links":{"self":[{"href":"https:\/\/www.europesays.com\/pt\/wp-json\/wp\/v2\/posts\/106042","targetHints":{"allow":["GET"]}}],"collection":[{"href":"https:\/\/www.europesays.com\/pt\/wp-json\/wp\/v2\/posts"}],"about":[{"href":"https:\/\/www.europesays.com\/pt\/wp-json\/wp\/v2\/types\/post"}],"author":[{"embeddable":true,"href":"https:\/\/www.europesays.com\/pt\/wp-json\/wp\/v2\/users\/2"}],"replies":[{"embeddable":true,"href":"https:\/\/www.europesays.com\/pt\/wp-json\/wp\/v2\/comments?post=106042"}],"version-history":[{"count":0,"href":"https:\/\/www.europesays.com\/pt\/wp-json\/wp\/v2\/posts\/106042\/revisions"}],"wp:featuredmedia":[{"embeddable":true,"href":"https:\/\/www.europesays.com\/pt\/wp-json\/wp\/v2\/media\/106043"}],"wp:attachment":[{"href":"https:\/\/www.europesays.com\/pt\/wp-json\/wp\/v2\/media?parent=106042"}],"wp:term":[{"taxonomy":"category","embeddable":true,"href":"https:\/\/www.europesays.com\/pt\/wp-json\/wp\/v2\/categories?post=106042"},{"taxonomy":"post_tag","embeddable":true,"href":"https:\/\/www.europesays.com\/pt\/wp-json\/wp\/v2\/tags?post=106042"}],"curies":[{"name":"wp","href":"https:\/\/api.w.org\/{rel}","templated":true}]}}