{"id":106051,"date":"2025-10-11T08:16:21","date_gmt":"2025-10-11T08:16:21","guid":{"rendered":"https:\/\/www.europesays.com\/pt\/106051\/"},"modified":"2025-10-11T08:16:21","modified_gmt":"2025-10-11T08:16:21","slug":"ela-nao-vai-assumir-nada-contigo-enquanto-liliana-desaba-em-lagrimas-vera-manda-farpa-a-fabio-secret-story","status":"publish","type":"post","link":"https:\/\/www.europesays.com\/pt\/106051\/","title":{"rendered":"\u00abEla n\u00e3o vai assumir nada contigo\u00bb: Enquanto Liliana desaba em l\u00e1grimas, Vera manda farpa a F\u00e1bio &#8211; Secret Story"},"content":{"rendered":"<p>\u00a0<\/p>\n<p>Ap\u00f3s o Especial, Liliana refugia-se na casa de banho, n\u00e3o sem antes ser abra\u00e7ada pelo F\u00e1bio. No confession\u00e1rio, a concorrente quebra, lamentando a forma como est\u00e1 a ser julgada. \u00a0Na casa de banho, L\u00eddia apoia F\u00e1bio, que desabafa que se sente mal por ter estragado um plano de fam\u00edlia. J\u00e1 na presen\u00e7a da Vera e da In\u00eas, o concorrente considera que isto foi uma prova de amor da Liliana, Vera e In\u00eas ficam chocadas, e a primeira revela que a Liliana disse que n\u00e3o ia assumir uma rela\u00e7\u00e3o com F\u00e1bio. Mais tarde, emocionado, o concorrente desabafa com a Voz que tudo o que fez foi genu\u00edno.<\/p>\n<p><strong>Esta semana h\u00e1 6 concorrentes em risco. Vote para salvar:<\/strong><\/p>\n<p>ANA &#8211; 761 20 20 01<br \/>ANA CRISTINA &#8211; 761 20 20 02<br \/>DYLAN &#8211; 761 20 20 07<br \/>F\u00c1BIO &#8211; 761 20 20 08<br \/>LEANDRO &#8211; 761 20 20 12<br \/>L\u00cdDIA &#8211; 761 20 20 13<\/p>\n<p><a href=\"https:\/\/tvi.iol.pt\/secretstory\/aominuto\" wbo-id=\"32\" rel=\"nofollow noopener\" target=\"_blank\">Acompanhe aqui tudo o que se passa na casa mais vigiada do pa\u00eds!<\/a><\/p>\n","protected":false},"excerpt":{"rendered":"\u00a0 Ap\u00f3s o Especial, Liliana refugia-se na casa de banho, n\u00e3o sem antes ser abra\u00e7ada pelo F\u00e1bio. No&hellip;\n","protected":false},"author":2,"featured_media":106052,"comment_status":"","ping_status":"","sticky":false,"template":"","format":"standard","meta":{"footnotes":""},"categories":[142],"tags":[114,115,19033,19034,32,33,151,19032],"class_list":{"0":"post-106051","1":"post","2":"type-post","3":"status-publish","4":"format-standard","5":"has-post-thumbnail","7":"category-tv","8":"tag-entertainment","9":"tag-entretenimento","10":"tag-galas-em-video","11":"tag-melhores-momentos-casa-dos-segredos","12":"tag-portugal","13":"tag-pt","14":"tag-tv","15":"tag-videos-secret-story-tvi"},"share_on_mastodon":{"url":"","error":""},"_links":{"self":[{"href":"https:\/\/www.europesays.com\/pt\/wp-json\/wp\/v2\/posts\/106051","targetHints":{"allow":["GET"]}}],"collection":[{"href":"https:\/\/www.europesays.com\/pt\/wp-json\/wp\/v2\/posts"}],"about":[{"href":"https:\/\/www.europesays.com\/pt\/wp-json\/wp\/v2\/types\/post"}],"author":[{"embeddable":true,"href":"https:\/\/www.europesays.com\/pt\/wp-json\/wp\/v2\/users\/2"}],"replies":[{"embeddable":true,"href":"https:\/\/www.europesays.com\/pt\/wp-json\/wp\/v2\/comments?post=106051"}],"version-history":[{"count":0,"href":"https:\/\/www.europesays.com\/pt\/wp-json\/wp\/v2\/posts\/106051\/revisions"}],"wp:featuredmedia":[{"embeddable":true,"href":"https:\/\/www.europesays.com\/pt\/wp-json\/wp\/v2\/media\/106052"}],"wp:attachment":[{"href":"https:\/\/www.europesays.com\/pt\/wp-json\/wp\/v2\/media?parent=106051"}],"wp:term":[{"taxonomy":"category","embeddable":true,"href":"https:\/\/www.europesays.com\/pt\/wp-json\/wp\/v2\/categories?post=106051"},{"taxonomy":"post_tag","embeddable":true,"href":"https:\/\/www.europesays.com\/pt\/wp-json\/wp\/v2\/tags?post=106051"}],"curies":[{"name":"wp","href":"https:\/\/api.w.org\/{rel}","templated":true}]}}