{"id":106055,"date":"2025-10-11T08:20:08","date_gmt":"2025-10-11T08:20:08","guid":{"rendered":"https:\/\/www.europesays.com\/pt\/106055\/"},"modified":"2025-10-11T08:20:08","modified_gmt":"2025-10-11T08:20:08","slug":"vacina-para-hpv-reduz-em-ate-58-os-casos-de-cancer-do-colo-do-utero-no-brasil","status":"publish","type":"post","link":"https:\/\/www.europesays.com\/pt\/106055\/","title":{"rendered":"Vacina para HPV reduz em at\u00e9 58% os casos de c\u00e2ncer do colo do \u00fatero no Brasil"},"content":{"rendered":"<p dir=\"ltr\" style=\"text-align: justify;\">A <strong>vacina <\/strong>contra o <strong>papilomav\u00edrus humano (HPV)<\/strong> reduziu em at\u00e9 <strong>58% os casos de c\u00e2ncer do colo do \u00fatero no Brasil e em 67% as les\u00f5es pr\u00e9-cancerosas graves<\/strong>, de acordo com <a href=\"https:\/\/agencia.fiocruz.br\/vacina-para-hpv-reduz-em-ate-58-os-casos-de-cancer-do-colo-do-utero-no-brasil\" target=\"_blank\" rel=\"nofollow noopener\">estudo <\/a>da Fiocruz com apoio da Royal Society e do Conselho Nacional de Desenvolvimento Cient\u00edfico e Tecnol\u00f3gico (CNPq).\u00a0<\/p>\n<p dir=\"ltr\" style=\"text-align: justify;\">A pesquisa, feita entre 2019 e 2023 com dados do <strong>Sistema \u00danico de Sa\u00fade (SUS)<\/strong>, confirmou a efic\u00e1cia do imunizante antes da idade indicada para rastreamento, 25 anos, e mesmo em contextos de baixa renda, refor\u00e7ando seu impacto na preven\u00e7\u00e3o da doen\u00e7a.<\/p>\n<p dir=\"ltr\" style=\"text-align: justify;\">O c\u00e2ncer do colo do \u00fatero continua sendo o segundo tipo mais comum entre as mulheres brasileiras\u00a0e estima-se que entre 50% e 70% das pessoas sexualmente ativas entrem em contato com o HPV ao longo da vida. A vacina oferecida gratuitamente pelo SUS \u00e9 considerada a forma mais eficaz de prevenir a infec\u00e7\u00e3o e reduzir o risco de desenvolvimento da doen\u00e7a.<\/p>\n<p dir=\"ltr\" style=\"text-align: justify;\">Para ampliar a cobertura, o <a href=\"https:\/\/www.gov.br\/saude\/pt-br\/assuntos\/noticias\/2025\/setembro\/perdeu-a-vacina-contra-o-hpv-ministerio-da-saude-amplia-prazo-para-jovens-de-15-a-19-anos\" target=\"_blank\" rel=\"nofollow noopener\">Minist\u00e9rio da Sa\u00fade<\/a> prorrogou at\u00e9 <strong>dezembro de 2025 a vacina\u00e7\u00e3o gratuita para jovens de 15 a 19 anos que n\u00e3o receberam o imunizante<\/strong> na idade indicada (9 a 14 anos). A estimativa \u00e9 alcan\u00e7ar cerca de 7 milh\u00f5es de adolescentes que ainda n\u00e3o foram vacinados.<\/p>\n<p dir=\"ltr\" style=\"text-align: justify;\">HPV: esquema vacinal\u00a0<\/p>\n<ul dir=\"ltr\">&#13;<\/p>\n<li style=\"text-align: justify;\">Adolescentes imunocompetentes (9 a 14 anos): dose \u00fanica, substituindo o esquema anterior de duas doses.<\/li>\n<p>&#13;<\/p>\n<li style=\"text-align: justify;\">Pessoas com sistema imunol\u00f3gico comprometido \u2014 como pacientes com HIV\/AIDS, em tratamento oncol\u00f3gico ou que passaram por transplante \u2014 devem receber tr\u00eas doses para garantir maior prote\u00e7\u00e3o.<\/li>\n<p>&#13;<\/p>\n<li style=\"text-align: justify;\">A mesma recomenda\u00e7\u00e3o se aplica a usu\u00e1rios de PrEP (m\u00e9todo de preven\u00e7\u00e3o ao HIV) entre 15 e 45 anos e a v\u00edtimas de viol\u00eancia sexual com 15 anos ou mais.\u00a0<\/li>\n<p>&#13;\n<\/ul>\n","protected":false},"excerpt":{"rendered":"A vacina contra o papilomav\u00edrus humano (HPV) reduziu em at\u00e9 58% os casos de c\u00e2ncer do colo do&hellip;\n","protected":false},"author":2,"featured_media":106056,"comment_status":"","ping_status":"","sticky":false,"template":"","format":"standard","meta":{"footnotes":""},"categories":[86],"tags":[1430,1425,1420,1419,1427,1776,1426,1422,1424,1421,1423,116,1428,52,32,1429,33,117,4483,2820],"class_list":{"0":"post-106055","1":"post","2":"type-post","3":"status-publish","4":"format-standard","5":"has-post-thumbnail","7":"category-saude","8":"tag-agronegocios","9":"tag-audio-para-radio","10":"tag-brasi-61","11":"tag-brasil61","12":"tag-brasilia","13":"tag-cancer","14":"tag-congresso","15":"tag-conteudo-para-blog","16":"tag-conteudo-para-gratuito","17":"tag-conteudo-para-radios","18":"tag-conteudo-para-site","19":"tag-health","20":"tag-jornalismo","21":"tag-politica","22":"tag-portugal","23":"tag-previsao-do-tempo","24":"tag-pt","25":"tag-saude","26":"tag-sus","27":"tag-vacinacao"},"share_on_mastodon":{"url":"","error":""},"_links":{"self":[{"href":"https:\/\/www.europesays.com\/pt\/wp-json\/wp\/v2\/posts\/106055","targetHints":{"allow":["GET"]}}],"collection":[{"href":"https:\/\/www.europesays.com\/pt\/wp-json\/wp\/v2\/posts"}],"about":[{"href":"https:\/\/www.europesays.com\/pt\/wp-json\/wp\/v2\/types\/post"}],"author":[{"embeddable":true,"href":"https:\/\/www.europesays.com\/pt\/wp-json\/wp\/v2\/users\/2"}],"replies":[{"embeddable":true,"href":"https:\/\/www.europesays.com\/pt\/wp-json\/wp\/v2\/comments?post=106055"}],"version-history":[{"count":0,"href":"https:\/\/www.europesays.com\/pt\/wp-json\/wp\/v2\/posts\/106055\/revisions"}],"wp:featuredmedia":[{"embeddable":true,"href":"https:\/\/www.europesays.com\/pt\/wp-json\/wp\/v2\/media\/106056"}],"wp:attachment":[{"href":"https:\/\/www.europesays.com\/pt\/wp-json\/wp\/v2\/media?parent=106055"}],"wp:term":[{"taxonomy":"category","embeddable":true,"href":"https:\/\/www.europesays.com\/pt\/wp-json\/wp\/v2\/categories?post=106055"},{"taxonomy":"post_tag","embeddable":true,"href":"https:\/\/www.europesays.com\/pt\/wp-json\/wp\/v2\/tags?post=106055"}],"curies":[{"name":"wp","href":"https:\/\/api.w.org\/{rel}","templated":true}]}}