{"id":106059,"date":"2025-10-11T08:25:17","date_gmt":"2025-10-11T08:25:17","guid":{"rendered":"https:\/\/www.europesays.com\/pt\/106059\/"},"modified":"2025-10-11T08:25:17","modified_gmt":"2025-10-11T08:25:17","slug":"nao-e-ela-tia-avo-de-maddie-mccann-testemunha-contra-jovem-que-se-diz-ser-a-menina-desaparecida-sic-noticias","status":"publish","type":"post","link":"https:\/\/www.europesays.com\/pt\/106059\/","title":{"rendered":"&quot;N\u00e3o \u00e9 ela&quot;: Tia-av\u00f3 de Maddie McCann testemunha contra jovem que se diz ser a menina desaparecida &#8211; SIC Not\u00edcias"},"content":{"rendered":"<ol>\n<li><a href=\"https:\/\/news.google.com\/rss\/articles\/CBMi_wFBVV95cUxOeUNsNGVGdW5WRk95TXpiaWtJQjlTU2tOV2lUSDlJNzVnSnRWc250MEx6R3BOcHNGcjhnSE5lWi05OTRtZm5LSE1PSXAtVzZxRFRDcEhuQXVQelcwMktrbEZ6cklKWTE5bmZmbzRYTE1heXhBRFU2dlZ3ejlnR2o3T1RmSmdZLUN0NmlhaFNqWDVVdmZ3eW03Mzg1a2hvV1c3bklERkZZbGIySHZpRjV0ZGdtTDVnZmVqMkxVODR6S19OaFVKSlpTRjRGRldSVVVZVVFGTmNOY0x0dmFsRHNpM2NVVkhOQWlSYlVreDRXc0stVm04SEdJaHczM2dKSlXSAYQCQVVfeXFMT1A3bDFZQzZONmd4Z2VqVVNfRThaVG4tOWlHdVBYSjhnbFgxbkszVXhUMW40SHg5R3hHTFNHOWVVZTc0YVQ4LUc0R0xHTWM4OV9pWFZObUpPZW1WOXpuZ3pVb2UxN3IzTGF6NFIxd3I4Q2RjYzJOazUwaVl1R1lhN2I1d0VZenZfQlF5aDZMRzg0Zm9lbWxOQk1YVzBWWUoyc29Dd2dXMmRPOVlaLTZsRWlxSzkxd1ZpeVRRVjJXeUluenVxbmZlcE9SaEMtWV9DMUNSRE9LOUdHUFVZeFo3dENYMERJMU4wSTNaUEJyaVd2aHpHOWJzTzhhc05QU2RXbzR2Z3k?oc=5\" target=\"_blank\" rel=\"nofollow noopener\">&#8220;N\u00e3o \u00e9 ela&#8221;: Tia-av\u00f3 de Maddie McCann testemunha contra jovem que se diz ser a menina desaparecida<\/a>&nbsp;&nbsp;SIC Not\u00edcias<\/li>\n<li><a href=\"https:\/\/news.google.com\/rss\/articles\/CBMi4gFBVV95cUxNQUV6Z21WeWI2dXphbzF3T1lkV09ORUJ4Zkh2UFFISlJLQTFFWFBSSFF3UHpvSXJlck1jcHcxamR3R0dkM0FLd0VJTzQ3NHFackFITFBKQjNQZjdIdWw1c0UwU0h5MnZTb3RGdl9pN0pjSXM1S0ItZFNGa2Iwemh0THE3ZDJCbmFGMEFEQ29GeDJHYlNORFlLVk9nc3dMakN0X1JqNlJGU2pvZUtNck1JN1A2Z25VZVd1d1EzclJZaXZoOFV6QzNvQ1BxS0VTdW5VQ0lPZ25vY3RQcmJZSTJhRWZR0gHwAUFVX3lxTE9KTFRvTU1FVkhUMzItYVVOQmhlNTE5dlkxdVFLUnVDRmRObC1EZ3F5SFlWYlNNR2ZGUWN4TG1HNzdUaUJxZHVmT3BGZzI3V2duYUg5SDJRN01HVGdRUmc1ZGZySG5VcFF1d3paS2E5T3Z6aDYtRXpnZnRkSW1GTHA5aUs5d0otaG9vNHM3Q2xhd3NMbjZMNG1lN2hWVjNPelFTZVhhTjlGR0NYWHgtWjlETmtOb1V4Nk51UENXRjJVRHR2NS1QZEhTRFhSQTFhWjRDUGthRVk1TzRVYlN5Y1RLNHdRTEx4UnkwOENRMkxkTw?oc=5\" target=\"_blank\" rel=\"nofollow noopener\">Irm\u00e3 de Madeleine McCann diz que fam\u00edlia recebeu mensagens &#8216;sinistras&#8217; de mulher que fingiu ser menina desaparecida<\/a>&nbsp;&nbsp;G1<\/li>\n<li><a href=\"https:\/\/news.google.com\/rss\/articles\/CBMiwgFBVV95cUxQZW1STXBXc2Nxa2U0QW1MZ0JEZWc0ODN3SGNSWjk2N0UzOVBoa1drSmZINnIyd1N5UkhtX2pHR1FFTy13MWMza3diWFpUbXM4bW9qRTJKRnFJTnVZMWV0RlZiN3d6bnBSOWNqTjRUcjkyb0JNVHk1NjVucnpuMmtVOHZ6LXJIaWJLZUJKV1JiSEdrMnE5OFVLR1Jnc0E4Q3VlT08tRlp2OUFzeU1OaEYwZGpKN1BrNU00QThJdTBja3RMdw?oc=5\" target=\"_blank\" rel=\"nofollow noopener\">Irm\u00e3 de Madeleine McCann sabia que polonesa n\u00e3o era sua irm\u00e3<\/a>&nbsp;&nbsp;Aventuras na Hist\u00f3ria<\/li>\n<li><a href=\"https:\/\/news.google.com\/rss\/articles\/CBMi1AFBVV95cUxPc21JREh5dlZ2dDF5OE1iVGZ6UTdrZl9PcGxYVVBYSnI0Sm42dVVhU3VDYzltV3dMQWxJdHRVR1ZsamhaNXh1MGNBT3BpM3lmVmpHVERXblpaOGdrVWdaYTRvNVk4SDdoR3BUWGs4ZElOaHZrWGJwNUw5VUt4U25UdmFIWUZqaEFjcVZEWUlPTmRqSW9QZklFdnl0WDZqeXpTR3VDdW5NdTBXcUh6cmtOUnJBcmQxaDk4QzYwMjUya19yeWRsbFRUWmpWUTBuQ1R2VkhTRA?oc=5\" target=\"_blank\" rel=\"nofollow noopener\">M\u00e3e de Maddie relata \u201cansiedade\u201d por ass\u00e9dio de jovem que dizia ser sua filha<\/a>&nbsp;&nbsp;Correio do Povo<\/li>\n<li><a href=\"https:\/\/news.google.com\/rss\/articles\/CBMiiwJBVV95cUxOWkhzaEdvdjludm9Id2F2c0didE1oak9kWTRiazhfQi1TWGxlRTFZcE05SnZxRmNUeTU5dzgtLTE1ek56TzJDN1EtSjNSd1VNbFhoeVI1UUZpRmFBQXpGM0RRYzgxUmlVdU1mSDY0blFZVDRtN3ZaYVdBT1M5NWVpdV9Xekp0STdEVmstUFprQzdJREZRNlVqWFBEOHN3VlhtaFV1MUJHeUJTTWxlTllBcWF3bTZJWTItU29SZTRUa0VzY0FJOGJwT05MV0JtVEttU0hXR1VyaHdJU3ZoNHQzZkYzblZpSEpDa29lSHExZEdST3hKcS0tbmdzS1VKM1NiQ1l0bWhsNmxTN1U?oc=5\" target=\"_blank\" rel=\"nofollow noopener\">M\u00e3e de crian\u00e7a brit\u00e2nica desaparecida Madeleine McCann diz que se sentiu &#8220;invadida&#8221; por stalker<\/a>&nbsp;&nbsp;Terra<\/li>\n<\/ol>\n","protected":false},"excerpt":{"rendered":"&#8220;N\u00e3o \u00e9 ela&#8221;: Tia-av\u00f3 de Maddie McCann testemunha contra jovem que se diz ser a menina desaparecida&nbsp;&nbsp;SIC Not\u00edcias&hellip;\n","protected":false},"author":2,"featured_media":105934,"comment_status":"","ping_status":"","sticky":false,"template":"","format":"standard","meta":{"footnotes":""},"categories":[10],"tags":[27,28,15,16,14,25,26,21,22,12,13,19,20,32,23,24,33,17,18,29,30,31],"class_list":{"0":"post-106059","1":"post","2":"type-post","3":"status-publish","4":"format-standard","5":"has-post-thumbnail","7":"category-portugal","8":"tag-breaking-news","9":"tag-breakingnews","10":"tag-featured-news","11":"tag-featurednews","12":"tag-headlines","13":"tag-latest-news","14":"tag-latestnews","15":"tag-main-news","16":"tag-mainnews","17":"tag-news","18":"tag-noticias","19":"tag-noticias-principais","20":"tag-noticiasprincipais","21":"tag-portugal","22":"tag-principais-noticias","23":"tag-principaisnoticias","24":"tag-pt","25":"tag-top-stories","26":"tag-topstories","27":"tag-ultimas","28":"tag-ultimas-noticias","29":"tag-ultimasnoticias"},"share_on_mastodon":{"url":"","error":""},"_links":{"self":[{"href":"https:\/\/www.europesays.com\/pt\/wp-json\/wp\/v2\/posts\/106059","targetHints":{"allow":["GET"]}}],"collection":[{"href":"https:\/\/www.europesays.com\/pt\/wp-json\/wp\/v2\/posts"}],"about":[{"href":"https:\/\/www.europesays.com\/pt\/wp-json\/wp\/v2\/types\/post"}],"author":[{"embeddable":true,"href":"https:\/\/www.europesays.com\/pt\/wp-json\/wp\/v2\/users\/2"}],"replies":[{"embeddable":true,"href":"https:\/\/www.europesays.com\/pt\/wp-json\/wp\/v2\/comments?post=106059"}],"version-history":[{"count":0,"href":"https:\/\/www.europesays.com\/pt\/wp-json\/wp\/v2\/posts\/106059\/revisions"}],"wp:featuredmedia":[{"embeddable":true,"href":"https:\/\/www.europesays.com\/pt\/wp-json\/wp\/v2\/media\/105934"}],"wp:attachment":[{"href":"https:\/\/www.europesays.com\/pt\/wp-json\/wp\/v2\/media?parent=106059"}],"wp:term":[{"taxonomy":"category","embeddable":true,"href":"https:\/\/www.europesays.com\/pt\/wp-json\/wp\/v2\/categories?post=106059"},{"taxonomy":"post_tag","embeddable":true,"href":"https:\/\/www.europesays.com\/pt\/wp-json\/wp\/v2\/tags?post=106059"}],"curies":[{"name":"wp","href":"https:\/\/api.w.org\/{rel}","templated":true}]}}