{"id":106060,"date":"2025-10-11T08:26:08","date_gmt":"2025-10-11T08:26:08","guid":{"rendered":"https:\/\/www.europesays.com\/pt\/106060\/"},"modified":"2025-10-11T08:26:08","modified_gmt":"2025-10-11T08:26:08","slug":"trump-visita-centro-nacional-medico-militar-walter-reed-para-exame-fisico","status":"publish","type":"post","link":"https:\/\/www.europesays.com\/pt\/106060\/","title":{"rendered":"Trump visita Centro Nacional M\u00e9dico Militar Walter Reed para &#8220;exame f\u00edsico&#8221;"},"content":{"rendered":"<p>&#8220;Vou reunir-me com as tropas e tamb\u00e9m farei uma esp\u00e9cie de exame f\u00edsico semestral&#8221;, disse Trump aos jornalistas no Sal\u00e3o Oval, na Casa Branca, nos EUA, na quinta-feira.<\/p>\n<p>A porta-voz da Casa Branca, Karoline Leavitt, descreveu a visita de Trump ao centro m\u00e9dico como um &#8221; `check-up\u00b4 anual de rotina&#8221;, ou seja, um conjunto de exames m\u00e9dicos que servem para saber se est\u00e1 tudo bem com o utente, mesmo sem sintomas.<\/p>\n<p>Trump deixou a Casa Branca por volta das 10:45 da manh\u00e3 de hoje (15:45 em Portugal) e regressou \u00e0s 14:15 (19:15 em Portugal).<\/p>\n<p>No regresso, Trump n\u00e3o respondeu \u00e0s perguntas dos jornalistas e a Casa Branca n\u00e3o indicou quando divulgar\u00e1 os resultados ou mais informa\u00e7\u00f5es sobre os exames.<\/p>\n<p>Os presidentes dos EUA t\u00eam um grande poder de decis\u00e3o sobre a informa\u00e7\u00e3o que divulgam sobre a sua sa\u00fade, segundo a AFP.<\/p>\n<p>A Casa Branca recusou-se a revelar o motivo pelo qual Trump fez um `check-up\u00b4 anual ao Walter Reed, que fica em Bethesda, Maryland, ap\u00f3s a realiza\u00e7\u00e3o de um exame m\u00e9dico anual, em abril.<\/p>\n<p>O exame f\u00edsico de Trump realizado em abril constatou que estava &#8220;totalmente apto&#8221; para servir como Presidente.<\/p>\n<p>Em julho, a Casa Branca anunciou que Trump tinha sido recentemente submetido a um `check-up\u00b4 m\u00e9dico depois de ter notado um &#8220;ligeiro incha\u00e7o&#8221; na parte inferior das pernas e que tinha uma condi\u00e7\u00e3o comum nos idosos que provoca a acumula\u00e7\u00e3o de sangue nas veias.<\/p>\n<p>Os testes realizados pela unidade m\u00e9dica da Casa Branca mostraram que Trump sofre de insufici\u00eancia venosa cr\u00f3nica, que ocorre quando pequenas v\u00e1lvulas dentro das veias, que normalmente ajudam a movimentar o sangue contra a gravidade, perdem gradualmente a capacidade de funcionar adequadamente.<\/p>\n<p>A visita ao centro m\u00e9dico, anunciada pela Casa Branca no in\u00edcio desta semana, acontece numa altura em que Trump se prepara para viajar para o M\u00e9dio Oriente, logo ap\u00f3s o acordo de cessar-fogo na guerra, que come\u00e7ou no dia 07 de outubro de 2023, entre Israel e o grupo palestiniano islamita Hamas.<\/p>\n<p>O Governo israelita aprovou hoje o acordo de paz inicial com o Hamas, que inclui a liberta\u00e7\u00e3o de todos os ref\u00e9ns israelitas e a retirada parcial do Ex\u00e9rcito de Israel da Faixa de Gaza.<\/p>\n<p>Leia Tamb\u00e9m: <a href=\"https:\/\/www.noticiasaominuto.com\/mundo\/2868701\/trump-anuncia-sobretaxade-100-a-importacoes-dachina-a-partir-de-novembro\" target=\"_blank\" rel=\"noreferrer noopener nofollow\">Trump anuncia sobretaxa de 100% a importa\u00e7\u00f5es da China a partir de novembro<\/a><\/p>\n","protected":false},"excerpt":{"rendered":"&#8220;Vou reunir-me com as tropas e tamb\u00e9m farei uma esp\u00e9cie de exame f\u00edsico semestral&#8221;, disse Trump aos jornalistas&hellip;\n","protected":false},"author":2,"featured_media":106061,"comment_status":"","ping_status":"","sticky":false,"template":"","format":"standard","meta":{"footnotes":""},"categories":[8],"tags":[27,28,15,16,14,25,26,21,22,12,13,19,20,32,23,24,33,17,18,29,30,31],"class_list":{"0":"post-106060","1":"post","2":"type-post","3":"status-publish","4":"format-standard","5":"has-post-thumbnail","7":"category-principais-noticias","8":"tag-breaking-news","9":"tag-breakingnews","10":"tag-featured-news","11":"tag-featurednews","12":"tag-headlines","13":"tag-latest-news","14":"tag-latestnews","15":"tag-main-news","16":"tag-mainnews","17":"tag-news","18":"tag-noticias","19":"tag-noticias-principais","20":"tag-noticiasprincipais","21":"tag-portugal","22":"tag-principais-noticias","23":"tag-principaisnoticias","24":"tag-pt","25":"tag-top-stories","26":"tag-topstories","27":"tag-ultimas","28":"tag-ultimas-noticias","29":"tag-ultimasnoticias"},"share_on_mastodon":{"url":"","error":""},"_links":{"self":[{"href":"https:\/\/www.europesays.com\/pt\/wp-json\/wp\/v2\/posts\/106060","targetHints":{"allow":["GET"]}}],"collection":[{"href":"https:\/\/www.europesays.com\/pt\/wp-json\/wp\/v2\/posts"}],"about":[{"href":"https:\/\/www.europesays.com\/pt\/wp-json\/wp\/v2\/types\/post"}],"author":[{"embeddable":true,"href":"https:\/\/www.europesays.com\/pt\/wp-json\/wp\/v2\/users\/2"}],"replies":[{"embeddable":true,"href":"https:\/\/www.europesays.com\/pt\/wp-json\/wp\/v2\/comments?post=106060"}],"version-history":[{"count":0,"href":"https:\/\/www.europesays.com\/pt\/wp-json\/wp\/v2\/posts\/106060\/revisions"}],"wp:featuredmedia":[{"embeddable":true,"href":"https:\/\/www.europesays.com\/pt\/wp-json\/wp\/v2\/media\/106061"}],"wp:attachment":[{"href":"https:\/\/www.europesays.com\/pt\/wp-json\/wp\/v2\/media?parent=106060"}],"wp:term":[{"taxonomy":"category","embeddable":true,"href":"https:\/\/www.europesays.com\/pt\/wp-json\/wp\/v2\/categories?post=106060"},{"taxonomy":"post_tag","embeddable":true,"href":"https:\/\/www.europesays.com\/pt\/wp-json\/wp\/v2\/tags?post=106060"}],"curies":[{"name":"wp","href":"https:\/\/api.w.org\/{rel}","templated":true}]}}