{"id":106073,"date":"2025-10-11T08:41:07","date_gmt":"2025-10-11T08:41:07","guid":{"rendered":"https:\/\/www.europesays.com\/pt\/106073\/"},"modified":"2025-10-11T08:41:07","modified_gmt":"2025-10-11T08:41:07","slug":"funcionario-despedido-da-sport-zone-por-mostrar-o-penis-a-colegas-de-trabalho","status":"publish","type":"post","link":"https:\/\/www.europesays.com\/pt\/106073\/","title":{"rendered":"Funcion\u00e1rio despedido da Sport Zone por mostrar o p\u00e9nis a colegas de trabalho"},"content":{"rendered":"<p>Numa primeira fase, o operador de loja da Sport Zone entabulou conversas de natureza sexual, apesar da pouca reciprocidade das colegas de trabalho. Seguiram-se mordidelas, lambidelas, toques e agarr\u00f5es sem consentimento, e um epis\u00f3dio final, em que aquele ainda lhes exibiu o p\u00e9nis. Por tais factos, foi despedido, com justa causa, por assediar sexualmente as tr\u00eas trabalhadoras da empresa de retalho desportivo. Inconformado, contestou a decis\u00e3o na Justi\u00e7a, que, por duas vezes, lhe negou raz\u00e3o, validando o despedimento.<\/p>\n<p data-remotead-prev-elm=\"true\" data-remotead-elm-id=\"inread\">O caso teve lugar, em 2023, numa loja localizada num centro comercial do distrito de Lisboa. Num dos epis\u00f3dios, Ivandro R., ent\u00e3o com 35 anos, agarrou uma colega de 18 e tocou-lhe sem permiss\u00e3o. &#8220;Tu d\u00e1s-me tes\u00e3o&#8221;, disse-lhe. Mais tarde, quando esta estava na sala de pausa, baixou as cal\u00e7as e mostrou-lhe o p\u00e9nis. Em ocasi\u00e3o distinta, quando a colega almo\u00e7ava frango assado, igualmente na sala de pausa, e comia com as m\u00e3os, o operador de loja entrou, encostou-se a ela e lambeu-lhe os dedos.<\/p>\n<p>Acesso exclusivo a assinantes<\/p>\n<p>Acesso ilimitado a conte\u00fados exclusivos<\/p>\n<p>Navega\u00e7\u00e3o sem publicidade intrusiva<\/p>\n<p>Vers\u00e3o digital do jornal, suplementos e revistas<\/p>\n","protected":false},"excerpt":{"rendered":"Numa primeira fase, o operador de loja da Sport Zone entabulou conversas de natureza sexual, apesar da pouca&hellip;\n","protected":false},"author":2,"featured_media":106074,"comment_status":"","ping_status":"","sticky":false,"template":"","format":"standard","meta":{"footnotes":""},"categories":[8],"tags":[6064,27,28,15971,15,16,14,603,25,26,21,22,12,13,19,20,32,23,24,33,25456,17,18,29,30,31],"class_list":{"0":"post-106073","1":"post","2":"type-post","3":"status-publish","4":"format-standard","5":"has-post-thumbnail","7":"category-principais-noticias","8":"tag-assedio","9":"tag-breaking-news","10":"tag-breakingnews","11":"tag-despedimento","12":"tag-featured-news","13":"tag-featurednews","14":"tag-headlines","15":"tag-justica","16":"tag-latest-news","17":"tag-latestnews","18":"tag-main-news","19":"tag-mainnews","20":"tag-news","21":"tag-noticias","22":"tag-noticias-principais","23":"tag-noticiasprincipais","24":"tag-portugal","25":"tag-principais-noticias","26":"tag-principaisnoticias","27":"tag-pt","28":"tag-sportzone","29":"tag-top-stories","30":"tag-topstories","31":"tag-ultimas","32":"tag-ultimas-noticias","33":"tag-ultimasnoticias"},"share_on_mastodon":{"url":"","error":""},"_links":{"self":[{"href":"https:\/\/www.europesays.com\/pt\/wp-json\/wp\/v2\/posts\/106073","targetHints":{"allow":["GET"]}}],"collection":[{"href":"https:\/\/www.europesays.com\/pt\/wp-json\/wp\/v2\/posts"}],"about":[{"href":"https:\/\/www.europesays.com\/pt\/wp-json\/wp\/v2\/types\/post"}],"author":[{"embeddable":true,"href":"https:\/\/www.europesays.com\/pt\/wp-json\/wp\/v2\/users\/2"}],"replies":[{"embeddable":true,"href":"https:\/\/www.europesays.com\/pt\/wp-json\/wp\/v2\/comments?post=106073"}],"version-history":[{"count":0,"href":"https:\/\/www.europesays.com\/pt\/wp-json\/wp\/v2\/posts\/106073\/revisions"}],"wp:featuredmedia":[{"embeddable":true,"href":"https:\/\/www.europesays.com\/pt\/wp-json\/wp\/v2\/media\/106074"}],"wp:attachment":[{"href":"https:\/\/www.europesays.com\/pt\/wp-json\/wp\/v2\/media?parent=106073"}],"wp:term":[{"taxonomy":"category","embeddable":true,"href":"https:\/\/www.europesays.com\/pt\/wp-json\/wp\/v2\/categories?post=106073"},{"taxonomy":"post_tag","embeddable":true,"href":"https:\/\/www.europesays.com\/pt\/wp-json\/wp\/v2\/tags?post=106073"}],"curies":[{"name":"wp","href":"https:\/\/api.w.org\/{rel}","templated":true}]}}