{"id":106075,"date":"2025-10-11T08:42:17","date_gmt":"2025-10-11T08:42:17","guid":{"rendered":"https:\/\/www.europesays.com\/pt\/106075\/"},"modified":"2025-10-11T08:42:17","modified_gmt":"2025-10-11T08:42:17","slug":"virginia-fonseca-ganha-buque-de-flores-em-meio-a-polemica-com-vini-jr-celebridades","status":"publish","type":"post","link":"https:\/\/www.europesays.com\/pt\/106075\/","title":{"rendered":"Virginia Fonseca ganha buqu\u00ea de flores em meio a pol\u00eamica com Vini Jr | Celebridades"},"content":{"rendered":"<p>                                        Virginia Fonseca ganhou buqu\u00ea de rosas com um bilhete misterioso &#8211; Reprodu\u00e7\u00e3o\/Instagram <\/p>\n<p class=\"content-media__description\">Virginia Fonseca ganhou buqu\u00ea de rosas com um bilhete misteriosoReprodu\u00e7\u00e3o\/Instagram <\/p>\n<p>                            Publicado 10\/10\/2025 16:46\n                    <\/p>\n<p>                    Rio &#8211;\u00a0Virginia Fonseca exibiu nas redes sociais, nesta sexta-feira (10), um buqu\u00ea de rosas vermelhas que recebeu de presente e aumentou as suspeitas sobre uma reaproxima\u00e7\u00e3o com Vinicius Jr, com quem vivia um affair at\u00e9 <a href=\"https:\/\/odia.ig.com.br\/diversao\/celebridades\/2025\/10\/7141503-day-magalhaes-conheca-a-modelo-envolvida-em-supostas-trocas-de-mensagens-com-vini-jr.html\" rel=\"nofollow noopener\" target=\"_blank\">o vazamento de supostas conversas do jogador com uma modelo<\/a>.\u00a0<\/p>\n<p>A influenciadora usou um emoji de cora\u00e7\u00e3o para esconder a mensagem do bilhete que acompanhou as flores. Horas antes, o atleta marcou um gol em amistoso da sele\u00e7\u00e3o brasileira e mandou beijo para a c\u00e2mera durante a comemora\u00e7\u00e3o.\u00a0<\/p>\n<p>Vinicius Jr compartilhou no Instagram Stories a foto do momento com a m\u00fasica &#8220;Eu Vou na Sua Casa&#8221; do cantor Felipe Amorim. O trecho publicado diz:\u00a0&#8220;Eu vou na sua casa, bato na sua porta \/ Abre o port\u00e3o que \u00e9 o Amorim que t\u00e1 aqui fora \/ Olha na minha cara que eu te trouxe rosas \/ Todas perfumadas e voc\u00ea \u00e9 a mais cheirosa&#8221;.\u00a0<\/p>\n<p><a href=\"https:\/\/odia.ig.com.br\/diversao\/celebridades\/2025\/10\/7142580-vinicius-jr-pede-desculpa-a-virginia-nao-correspondi-e-a-decepcionei.html\" rel=\"nofollow noopener\" target=\"_blank\">Na ter\u00e7a-feira (8), o jogador se desculpou com Virginia Fonseca e deixou em aberto a possibilidade do retorno do romance<\/a>. &#8220;Por isso, quero pedir desculpas publicamente, com o cora\u00e7\u00e3o aberto, porque entendi que rela\u00e7\u00e3o de verdade s\u00f3 existe quando h\u00e1 respeito, confian\u00e7a e transpar\u00eancia. A ideia agora \u00e9 zerar tudo. Sem mentiras, sem brigas, sem m\u00e1scaras. Com muito amor, carinho e respeito&#8221;, escreveu.<\/p>\n","protected":false},"excerpt":{"rendered":"Virginia Fonseca ganhou buqu\u00ea de rosas com um bilhete misterioso &#8211; Reprodu\u00e7\u00e3o\/Instagram Virginia Fonseca ganhou buqu\u00ea de rosas&hellip;\n","protected":false},"author":2,"featured_media":106076,"comment_status":"","ping_status":"","sticky":false,"template":"","format":"standard","meta":{"footnotes":""},"categories":[145],"tags":[5634,211,210,114,115,32,16419,33,3126,1446],"class_list":{"0":"post-106075","1":"post","2":"type-post","3":"status-publish","4":"format-standard","5":"has-post-thumbnail","7":"category-celebridades","8":"tag-buque-de-flores","9":"tag-celebridades","10":"tag-celebrities","11":"tag-entertainment","12":"tag-entretenimento","13":"tag-portugal","14":"tag-presente","15":"tag-pt","16":"tag-vini-jr","17":"tag-virginia-fonseca"},"share_on_mastodon":{"url":"","error":""},"_links":{"self":[{"href":"https:\/\/www.europesays.com\/pt\/wp-json\/wp\/v2\/posts\/106075","targetHints":{"allow":["GET"]}}],"collection":[{"href":"https:\/\/www.europesays.com\/pt\/wp-json\/wp\/v2\/posts"}],"about":[{"href":"https:\/\/www.europesays.com\/pt\/wp-json\/wp\/v2\/types\/post"}],"author":[{"embeddable":true,"href":"https:\/\/www.europesays.com\/pt\/wp-json\/wp\/v2\/users\/2"}],"replies":[{"embeddable":true,"href":"https:\/\/www.europesays.com\/pt\/wp-json\/wp\/v2\/comments?post=106075"}],"version-history":[{"count":0,"href":"https:\/\/www.europesays.com\/pt\/wp-json\/wp\/v2\/posts\/106075\/revisions"}],"wp:featuredmedia":[{"embeddable":true,"href":"https:\/\/www.europesays.com\/pt\/wp-json\/wp\/v2\/media\/106076"}],"wp:attachment":[{"href":"https:\/\/www.europesays.com\/pt\/wp-json\/wp\/v2\/media?parent=106075"}],"wp:term":[{"taxonomy":"category","embeddable":true,"href":"https:\/\/www.europesays.com\/pt\/wp-json\/wp\/v2\/categories?post=106075"},{"taxonomy":"post_tag","embeddable":true,"href":"https:\/\/www.europesays.com\/pt\/wp-json\/wp\/v2\/tags?post=106075"}],"curies":[{"name":"wp","href":"https:\/\/api.w.org\/{rel}","templated":true}]}}