{"id":106083,"date":"2025-10-11T08:52:07","date_gmt":"2025-10-11T08:52:07","guid":{"rendered":"https:\/\/www.europesays.com\/pt\/106083\/"},"modified":"2025-10-11T08:52:07","modified_gmt":"2025-10-11T08:52:07","slug":"e-a-melhor-coisa-que-ja-comi-da-mercadona-e-tem-nota-10-10","status":"publish","type":"post","link":"https:\/\/www.europesays.com\/pt\/106083\/","title":{"rendered":"&#8220;\u00c9 a melhor coisa que j\u00e1 comi da Mercadona&#8221; e tem nota 10\/10"},"content":{"rendered":"<p>Por mais que tenhamos uma refei\u00e7\u00e3o saciante, muitas vezes ainda h\u00e1 espa\u00e7o para uma sobremesa. E h\u00e1 uma na Mercadona que temos debaixo de olho, que tamb\u00e9m pode ser consumida como um snack a meio do dia.\u00a0<\/p>\n<p>Falamos da\u00a0Brookie, uma mistura entre brownie e cookie que desde que foi lan\u00e7ada tem vindo a conquistar mais clientes e, por consequ\u00eancia, as redes sociais. \u00c9 no digital que encontramos uma review a esta sobremesa, que j\u00e1 recebeu uma nota de 10 em 10.\u00a0<\/p>\n<p>&#8220;Isto \u00e9 a melhor coisa que j\u00e1 comi da Mercadona&#8221;, diz uma tiktoker. Fez tal e qual como \u00e9 indicado na embalagem, aqueceu a Brookie cerca de 25 a 30 segundos no microondas, para que o chocolate derretesse ligeiramente.\u00a0Et voil\u00e0: o chocolate fica cremoso e convida at\u00e9 a que o bolo seja consumido com colher.\u00a0<\/p>\n<p>A\u00a0Brookie, que custa \u20ac2,40, \u00e9 apenas uma das v\u00e1rias sobremesas dispon\u00edveis na Mercadona. Mostramos outras na galeria de imagens.\u00a0<\/p>\n","protected":false},"excerpt":{"rendered":"Por mais que tenhamos uma refei\u00e7\u00e3o saciante, muitas vezes ainda h\u00e1 espa\u00e7o para uma sobremesa. E h\u00e1 uma&hellip;\n","protected":false},"author":2,"featured_media":106084,"comment_status":"","ping_status":"","sticky":false,"template":"","format":"standard","meta":{"footnotes":"","_share_on_mastodon":"0"},"categories":[83],"tags":[1081,10584,88,21215,204,89,90,754,186,4317,1079,32,33,25457,1078,1080],"class_list":["post-106083","post","type-post","status-publish","format-standard","has-post-thumbnail","category-empresas","tag-beleza","tag-bolo","tag-business","tag-cookies","tag-design","tag-economy","tag-empresas","tag-gastronomia","tag-lifestyle","tag-mercadona","tag-moda","tag-portugal","tag-pt","tag-sobremesa","tag-versa","tag-viagens"],"share_on_mastodon":{"url":"","error":""},"_links":{"self":[{"href":"https:\/\/www.europesays.com\/pt\/wp-json\/wp\/v2\/posts\/106083","targetHints":{"allow":["GET"]}}],"collection":[{"href":"https:\/\/www.europesays.com\/pt\/wp-json\/wp\/v2\/posts"}],"about":[{"href":"https:\/\/www.europesays.com\/pt\/wp-json\/wp\/v2\/types\/post"}],"author":[{"embeddable":true,"href":"https:\/\/www.europesays.com\/pt\/wp-json\/wp\/v2\/users\/2"}],"replies":[{"embeddable":true,"href":"https:\/\/www.europesays.com\/pt\/wp-json\/wp\/v2\/comments?post=106083"}],"version-history":[{"count":0,"href":"https:\/\/www.europesays.com\/pt\/wp-json\/wp\/v2\/posts\/106083\/revisions"}],"wp:featuredmedia":[{"embeddable":true,"href":"https:\/\/www.europesays.com\/pt\/wp-json\/wp\/v2\/media\/106084"}],"wp:attachment":[{"href":"https:\/\/www.europesays.com\/pt\/wp-json\/wp\/v2\/media?parent=106083"}],"wp:term":[{"taxonomy":"category","embeddable":true,"href":"https:\/\/www.europesays.com\/pt\/wp-json\/wp\/v2\/categories?post=106083"},{"taxonomy":"post_tag","embeddable":true,"href":"https:\/\/www.europesays.com\/pt\/wp-json\/wp\/v2\/tags?post=106083"}],"curies":[{"name":"wp","href":"https:\/\/api.w.org\/{rel}","templated":true}]}}