{"id":106093,"date":"2025-10-11T09:07:23","date_gmt":"2025-10-11T09:07:23","guid":{"rendered":"https:\/\/www.europesays.com\/pt\/106093\/"},"modified":"2025-10-11T09:07:23","modified_gmt":"2025-10-11T09:07:23","slug":"martinez-volta-a-mexer-muito-onze-provavel-de-portugal-com-a-rep-irlanda","status":"publish","type":"post","link":"https:\/\/www.europesays.com\/pt\/106093\/","title":{"rendered":"Mart\u00ednez volta a mexer&#8230; muito: onze prov\u00e1vel de Portugal com a Rep. Irlanda"},"content":{"rendered":"<p><a target=\"_blank\" class=\"editor-link autolink-enabled\" href=\"https:\/\/www.abola.pt\/futebol\/portugal-1651\" data-resource-id=\"1651\" data-resource-type=\"team\" data-sport=\"football\" rel=\"nofollow noopener\">Portugal<\/a> est\u00e1 perto, muito perto, de carimbar o passaporte para o <a target=\"_blank\" class=\"editor-link autolink-enabled\" href=\"https:\/\/www.abola.pt\/futebol\/competicao\/mundial-de-clubes-52\" data-resource-id=\"52\" data-resource-type=\"competition\" data-sport=\"football\" rel=\"nofollow noopener\">Mundial<\/a> do pr\u00f3ximo ano no <a target=\"_blank\" class=\"editor-link autolink-enabled\" href=\"https:\/\/www.abola.pt\/futebol\/canada-2264\" data-resource-id=\"2264\" data-resource-type=\"team\" data-sport=\"football\" rel=\"nofollow noopener\">Canad\u00e1<\/a>, <a target=\"_blank\" class=\"editor-link autolink-enabled\" href=\"https:\/\/www.abola.pt\/futebol\/mexico-19187\" data-resource-id=\"19187\" data-resource-type=\"team\" data-sport=\"football\" rel=\"nofollow noopener\">M\u00e9xico<\/a> e <a target=\"_blank\" class=\"editor-link autolink-enabled\" href=\"https:\/\/www.abola.pt\/basquetebol\/eua-5bjFqKlxsqEeaUyXmXZiss\" data-resource-id=\"b8477b67-2150-4e19-a49d-efd192b1de32\" data-resource-type=\"team\" data-sport=\"basketball\" rel=\"nofollow noopener\">EUA<\/a>. Alvalade pode mesmo ser palco festivo neste duplo compromisso da equipa portuguesa. As contas, essas, s\u00e3o de f\u00e1cil equa\u00e7\u00e3o. Com seis pontos conquistados, ap\u00f3s o 5-0 \u00e0 <a target=\"_blank\" class=\"editor-link autolink-enabled\" href=\"https:\/\/www.abola.pt\/futebol\/armenia-2173\" data-resource-id=\"2173\" data-resource-type=\"team\" data-sport=\"football\" rel=\"nofollow noopener\">Arm\u00e9nia<\/a> e o 3-2 \u00e0 <a target=\"_blank\" class=\"editor-link autolink-enabled\" href=\"https:\/\/www.abola.pt\/futebol\/hungria-1315\" data-resource-id=\"1315\" data-resource-type=\"team\" data-sport=\"football\" rel=\"nofollow noopener\">Hungria<\/a>, a Sele\u00e7\u00e3o Nacional pode conseguir o apuramento se conquistar os pr\u00f3ximos seis pontos, a come\u00e7ar hoje diante da <a target=\"_blank\" class=\"editor-link autolink-enabled\" href=\"https:\/\/www.abola.pt\/futebol\/republica-da-irlanda-1376\" data-resource-id=\"1376\" data-resource-type=\"team\" data-sport=\"football\" rel=\"nofollow noopener\">Rep\u00fablica da Irlanda<\/a>, e depois na ter\u00e7a-feira, frente \u00e0 <a target=\"_blank\" class=\"editor-link autolink-enabled\" href=\"https:\/\/www.abola.pt\/futebol\/hungria-1315\" data-resource-id=\"1315\" data-resource-type=\"team\" data-sport=\"football\" rel=\"nofollow noopener\">Hungria<\/a>, e esperar que a <a target=\"_blank\" class=\"editor-link autolink-enabled\" href=\"https:\/\/www.abola.pt\/futebol\/armenia-2173\" data-resource-id=\"2173\" data-resource-type=\"team\" data-sport=\"football\" rel=\"nofollow noopener\">Arm\u00e9nia<\/a> n\u00e3o ganhe os dois jogos que tem nesta janela diante dos h\u00fangaros e dos irlandeses.<\/p>\n<p>Roberto Mart\u00ednez voltou a n\u00e3o abrir o jogo quanto ao onze a lan\u00e7ar esta noite, por\u00e9m, s\u00e3o esperadas algumas mudan\u00e7as em rela\u00e7\u00e3o ao \u00faltimo jogo com a <a target=\"_blank\" class=\"editor-link autolink-enabled\" href=\"https:\/\/www.abola.pt\/futebol\/hungria-1315\" data-resource-id=\"1315\" data-resource-type=\"team\" data-sport=\"football\" rel=\"nofollow noopener\">Hungria<\/a> no in\u00edcio de Setembro. De resto, olhando para o treino de ontem, uma preocupa\u00e7\u00e3o para o selecionador. <a target=\"_blank\" class=\"editor-link autolink-enabled\" href=\"https:\/\/www.abola.pt\/futebol\/jogador\/joao-felix-125040\" data-resource-id=\"125040\" data-resource-type=\"player\" data-sport=\"football\" rel=\"nofollow noopener\">Jo\u00e3o F\u00e9lix<\/a>, que atravessa bom momento na <a target=\"_blank\" class=\"editor-link autolink-enabled\" href=\"https:\/\/www.abola.pt\/futebol\/arabia-saudita-1676\" data-resource-id=\"1676\" data-resource-type=\"team\" data-sport=\"football\" rel=\"nofollow noopener\">Ar\u00e1bia<\/a>, n\u00e3o se treinou devido a mialgias de esfor\u00e7o e vai mesmo ser baixa para o jogo desta noite em Alvalade.<\/p>\n<p>De resto, olhando para essa partida com os h\u00fangaros, na qual o selecionador promoveu v\u00e1rias surpresas, atuando com uma linha de tr\u00eas defesas, um dos quais <a target=\"_blank\" class=\"editor-link autolink-enabled\" href=\"https:\/\/www.abola.pt\/futebol\/jogador\/ruben-neves-8608\" data-resource-id=\"8608\" data-resource-type=\"player\" data-sport=\"football\" rel=\"nofollow noopener\">R\u00faben Neves<\/a>, o t\u00e9cnico dever\u00e1 voltar \u00e0 sua f\u00f3rmula inicial e regressar ao 4x3x3 com que venceu a <a target=\"_blank\" class=\"editor-link autolink-enabled\" href=\"https:\/\/www.abola.pt\/futebol\/armenia-2173\" data-resource-id=\"2173\" data-resource-type=\"team\" data-sport=\"football\" rel=\"nofollow noopener\">Arm\u00e9nia<\/a> no arranque desta fase de qualifica\u00e7\u00e3o. Confira na fotogaleria o onze prov\u00e1vel que Roberto Mart\u00ednez poder\u00e1 lan\u00e7ar nesta partida de hoje em Alvalade:<\/p>\n<p>                            Fechar<\/p>\n<p>                                                    <img decoding=\"async\" class=\"h-full w-full max-w-[1180px] select-none rounded-t object-contain object-center\" src=\"https:\/\/www.europesays.com\/pt\/wp-content\/uploads\/2025\/10\/99ec7cf8-871e-40a2-91e8-e661a60e2bff.jpeg\" alt=\"\" x-show=\"imageGalleryOpened &amp;&amp; imageGalleryImageIndex == 1\"\/><\/p>\n<p>                                        \/ 11<\/p>\n<p>                                        Diogo Costa \u00e9 pe\u00e7a indiscut\u00edvel na baliza &#8211; Foto: IMAGO<\/p>\n<p>                                                    <img decoding=\"async\" class=\"h-full w-full max-w-[1180px] select-none rounded-t object-contain object-center\" src=\"https:\/\/www.europesays.com\/pt\/wp-content\/uploads\/2025\/10\/91d51b47-8259-4b65-92d5-786ca72e0d90.jpeg\" alt=\"\" x-show=\"imageGalleryOpened &amp;&amp; imageGalleryImageIndex == 2\"\/><\/p>\n<p>                                        \/ 11<\/p>\n<p>                                        Diogo Dalot leva ligeira vantagem sobre Matheus Nunes &#8211; Foto: IMAGO\/Ulmer\/Teamfoto<\/p>\n<p>                                                    <img decoding=\"async\" class=\"h-full w-full max-w-[1180px] select-none rounded-t object-contain object-center\" src=\"https:\/\/www.europesays.com\/pt\/wp-content\/uploads\/2025\/10\/57efad21-3ea6-4a1f-9b73-d1dde623e89d.jpg\" alt=\"\" x-show=\"imageGalleryOpened &amp;&amp; imageGalleryImageIndex == 3\"\/><\/p>\n<p>                                        \/ 11<\/p>\n<p>                                        R\u00faben Dias voltar\u00e1 a liderar o eixo defensivo &#8211; Foto: IMAGO<\/p>\n<p>                                                    <img decoding=\"async\" class=\"h-full w-full max-w-[1180px] select-none rounded-t object-contain object-center\" src=\"https:\/\/www.europesays.com\/pt\/wp-content\/uploads\/2025\/10\/181edf34-616a-42fd-8770-b06b37df32f2.jpg\" alt=\"\" x-show=\"imageGalleryOpened &amp;&amp; imageGalleryImageIndex == 4\"\/><\/p>\n<p>                                        \/ 11<\/p>\n<p>                                        Gon\u00e7alo In\u00e1cio come\u00e7ou a ser presen\u00e7a ass\u00eddua na Sele\u00e7\u00e3o Nacional e deve fazer dupla com R\u00faben Dias &#8211; Foto: IMAGO<\/p>\n<p>                                                    <img decoding=\"async\" class=\"h-full w-full max-w-[1180px] select-none rounded-t object-contain object-center\" src=\"https:\/\/www.europesays.com\/pt\/wp-content\/uploads\/2025\/10\/28cbb5b8-89e5-494f-84a6-50d1e7630ef6.jpg\" alt=\"\" x-show=\"imageGalleryOpened &amp;&amp; imageGalleryImageIndex == 5\"\/><\/p>\n<p>                                        \/ 11<\/p>\n<p>                                        Nuno Mendes atravessa momento de enorme fulgor e tem lugar confirmado no corredor esquerdo &#8211; Foto: IMAGO<\/p>\n<p>                                                    <img decoding=\"async\" class=\"h-full w-full max-w-[1180px] select-none rounded-t object-contain object-center\" src=\"https:\/\/www.europesays.com\/pt\/wp-content\/uploads\/2025\/10\/1760173637_808_a8383536-952c-4f01-8475-c0f0a9b9a546.jpg\" alt=\"Vitinha, m\u00e9dio de 25 anos do PSG e da Sele\u00e7\u00e3o Nacional (Foto: Maciej Rogowski\/IMAGO)\" x-show=\"imageGalleryOpened &amp;&amp; imageGalleryImageIndex == 6\"\/><\/p>\n<p>                                        \/ 11<\/p>\n<p>                                        Vitinha, m\u00e9dio do PSG, ser\u00e1 aposta para o miolo &#8211; Foto: IMAGO<\/p>\n<p>                                                    <img decoding=\"async\" class=\"h-full w-full max-w-[1180px] select-none rounded-t object-contain object-center\" src=\"https:\/\/www.europesays.com\/pt\/wp-content\/uploads\/2025\/10\/c58ca618-7f81-40e9-8e32-57bd14992ac9.jpeg\" alt=\"\" x-show=\"imageGalleryOpened &amp;&amp; imageGalleryImageIndex == 7\"\/><\/p>\n<p>                                        \/ 11<\/p>\n<p>                                        Bruno Fernandes ser\u00e1 o criador da equipa lusa &#8211; Foto: IMAGO<\/p>\n<p>                                                    <img decoding=\"async\" class=\"h-full w-full max-w-[1180px] select-none rounded-t object-contain object-center\" src=\"https:\/\/www.europesays.com\/pt\/wp-content\/uploads\/2025\/10\/ff248913-3935-448b-bb63-e2b33636df00.jpeg\" alt=\"\" x-show=\"imageGalleryOpened &amp;&amp; imageGalleryImageIndex == 8\"\/><\/p>\n<p>                                        \/ 11<\/p>\n<p>                                        Bernardo Silva tamb\u00e9m deve recuperar lugar no meio-campo &#8211; Foto: FPF<\/p>\n<p>                                                    <img decoding=\"async\" class=\"h-full w-full max-w-[1180px] select-none rounded-t object-contain object-center\" src=\"https:\/\/www.europesays.com\/pt\/wp-content\/uploads\/2025\/10\/a217c360-5462-454d-b22f-66a1e5155451.jpg\" alt=\"\" x-show=\"imageGalleryOpened &amp;&amp; imageGalleryImageIndex == 9\"\/><\/p>\n<p>                                        \/ 11<\/p>\n<p>                                        Francisco Concei\u00e7\u00e3o pode ser uma das surpresas no ataque &#8211; Foto: MIGUEL NUNES<\/p>\n<p>                                                    <img decoding=\"async\" class=\"h-full w-full max-w-[1180px] select-none rounded-t object-contain object-center\" src=\"https:\/\/www.europesays.com\/pt\/wp-content\/uploads\/2025\/10\/6c2aa520-8a96-4717-b6ef-741d2df4ac56.jpg\" alt=\"Cristiano Ronaldo com a camisola da Sele\u00e7\u00e3o\" x-show=\"imageGalleryOpened &amp;&amp; imageGalleryImageIndex == 10\"\/><\/p>\n<p>                                        \/ 11<\/p>\n<p>                                        Cristiano Ronaldo pode escrever hist\u00f3ria na Sele\u00e7\u00e3o se marcar &#8211; Foto: IMAGO<\/p>\n<p>                                                    <img decoding=\"async\" class=\"h-full w-full max-w-[1180px] select-none rounded-t object-contain object-center\" src=\"https:\/\/www.europesays.com\/pt\/wp-content\/uploads\/2025\/10\/060c3382-b3ac-4592-be2d-878f5f28cc81.jpeg\" alt=\"\" x-show=\"imageGalleryOpened &amp;&amp; imageGalleryImageIndex == 11\"\/><\/p>\n<p>                                        \/ 11<\/p>\n<p>                                        Rafael Le\u00e3o est\u00e1 recuperado de les\u00e3o e tamb\u00e9m pode ser aposta na linha ofensiva &#8211; Foto: IMAGO<\/p>\n<p>            Galeria de imagens<\/p>\n<p>            11 Fotos<\/p>\n","protected":false},"excerpt":{"rendered":"Portugal est\u00e1 perto, muito perto, de carimbar o passaporte para o Mundial do pr\u00f3ximo ano no Canad\u00e1, M\u00e9xico&hellip;\n","protected":false},"author":2,"featured_media":106094,"comment_status":"","ping_status":"","sticky":false,"template":"","format":"standard","meta":{"footnotes":""},"categories":[87],"tags":[135,32,33,134],"class_list":{"0":"post-106093","1":"post","2":"type-post","3":"status-publish","4":"format-standard","5":"has-post-thumbnail","7":"category-desporto","8":"tag-desporto","9":"tag-portugal","10":"tag-pt","11":"tag-sports"},"share_on_mastodon":{"url":"","error":""},"_links":{"self":[{"href":"https:\/\/www.europesays.com\/pt\/wp-json\/wp\/v2\/posts\/106093","targetHints":{"allow":["GET"]}}],"collection":[{"href":"https:\/\/www.europesays.com\/pt\/wp-json\/wp\/v2\/posts"}],"about":[{"href":"https:\/\/www.europesays.com\/pt\/wp-json\/wp\/v2\/types\/post"}],"author":[{"embeddable":true,"href":"https:\/\/www.europesays.com\/pt\/wp-json\/wp\/v2\/users\/2"}],"replies":[{"embeddable":true,"href":"https:\/\/www.europesays.com\/pt\/wp-json\/wp\/v2\/comments?post=106093"}],"version-history":[{"count":0,"href":"https:\/\/www.europesays.com\/pt\/wp-json\/wp\/v2\/posts\/106093\/revisions"}],"wp:featuredmedia":[{"embeddable":true,"href":"https:\/\/www.europesays.com\/pt\/wp-json\/wp\/v2\/media\/106094"}],"wp:attachment":[{"href":"https:\/\/www.europesays.com\/pt\/wp-json\/wp\/v2\/media?parent=106093"}],"wp:term":[{"taxonomy":"category","embeddable":true,"href":"https:\/\/www.europesays.com\/pt\/wp-json\/wp\/v2\/categories?post=106093"},{"taxonomy":"post_tag","embeddable":true,"href":"https:\/\/www.europesays.com\/pt\/wp-json\/wp\/v2\/tags?post=106093"}],"curies":[{"name":"wp","href":"https:\/\/api.w.org\/{rel}","templated":true}]}}