{"id":106097,"date":"2025-10-11T09:11:10","date_gmt":"2025-10-11T09:11:10","guid":{"rendered":"https:\/\/www.europesays.com\/pt\/106097\/"},"modified":"2025-10-11T09:11:10","modified_gmt":"2025-10-11T09:11:10","slug":"regulador-chumba-investimento-da-ren-na-rede-de-gas-para-evitar-custos-acrescidos-para-familias-e-empresas","status":"publish","type":"post","link":"https:\/\/www.europesays.com\/pt\/106097\/","title":{"rendered":"Regulador &#8220;chumba&#8221; investimento da REN na rede de g\u00e1s, para evitar custos acrescidos para fam\u00edlias e empresas"},"content":{"rendered":"<p>A Entidade Reguladora dos Servi\u00e7os Energ\u00e9ticos (ERSE) considera que n\u00e3o se justificam todos os investimentos que a REN &#8211; Redes Energ\u00e9ticas Nacionais prop\u00f5e para os pr\u00f3ximos cinco anos nas infraestruturas de g\u00e1s natural em Portugal. A recomenda\u00e7\u00e3o da ERSE \u00e9 que a empresa reformule a sua proposta de plano de investimento, cortando em 43% o montante a investir de 2026 a 2030.<\/p>\n<p>Num parecer divulgado na noite desta sexta-feira, a ERSE defende que a sua posi\u00e7\u00e3o garante aos consumidores de g\u00e1s natural uma perspetiva de estabilidade dos pre\u00e7os (no que respeita aos custos das infraestruturas de g\u00e1s e n\u00e3o \u00e0 energia propriamente dita).<\/p>\n<p>O parecer diz respeito ao PDIRG, o plano de desenvolvimento e investimento na rede de g\u00e1s natural, que tra\u00e7a os investimentos a realizar pela REN ao longo da pr\u00f3xima d\u00e9cada, repartidos em duas etapas e em v\u00e1rias tipologias de investimento.<\/p>\n<p>A REN pode agora manter ou reformular a sua proposta de investimento, antes de a submeter ao Governo, que \u00e9 a quem compete autorizar ou n\u00e3o os investimentos (j\u00e1 que o Estado \u00e9 o concedente da rede de g\u00e1s, de que a REN \u00e9 concession\u00e1ria).<\/p>\n<p>A proposta de PDIRG da REN previa investimentos totais de 472 milh\u00f5es de euros nas infraestruturas de g\u00e1s natural em Portugal entre 2026 e 2035, dos quais 163,2 milh\u00f5es de euros para a primeira metade dessa d\u00e9cada.<\/p>\n<p>A ERSE prop\u00f5e, contudo, um \u201ccen\u00e1rio alternativo\u201d para o primeiro quinqu\u00e9nio, com apenas 92,7 milh\u00f5es de euros de investimento (menos 43% do que o valor proposto pela REN), refletindo as preocupa\u00e7\u00f5es de v\u00e1rias entidades na consulta p\u00fablica deste pacote de investimentos no g\u00e1s e \u201ca incerteza da evolu\u00e7\u00e3o da procura futura do g\u00e1s e da oferta de gases descarbonizados com um foco no biometano\u201d.<\/p>\n<p>O regulador da energia nota que a sua proposta trar\u00e1 nos pr\u00f3ximos tr\u00eas anos (2026 a 2028) n\u00edveis de investimento similares aos do \u00faltimo tri\u00e9nio (2022 a 2024) e \u201cimpactes tarif\u00e1rios m\u00e9dios anuais nulos ou reduzidos\u201d nos pre\u00e7os finais dos consumidores.<\/p>\n<p>Recorde-se que as redes de g\u00e1s natural s\u00e3o ativos regulados, com uma remunera\u00e7\u00e3o fixada pela ERSE. Quanto maiores os investimentos executados pela REN, maiores ser\u00e3o os encargos que anualmente ir\u00e3o recair nas tarifas do g\u00e1s (suportadas por fam\u00edlias e empresas), de forma a remunerar a REN pelo investimento realizado.<\/p>\n<p>A ERSE salienta que com o seu \u201ccen\u00e1rio alternativo\u201d se garantir\u00e1 que \u201co sector se manter\u00e1 competitivo e sustent\u00e1vel, ao longo do tempo, para todos aqueles que continuar\u00e3o a necessitar do g\u00e1s para o seu consumo e o seu processo produtivo\u201d.<\/p>\n<p>A proposta da ERSE condiciona a concretiza\u00e7\u00e3o de alguns dos investimentos da REN, em particular os relativos \u00e0 adapta\u00e7\u00e3o a misturas de hidrog\u00e9nio at\u00e9 10%, \u00e0 garantia da \u201cviabilidade\u201d dessa adapta\u00e7\u00e3o em termos de interoperabilidade com os consumidores e operadores das redes ligadas \u00e0 rede da REN.<\/p>\n<p>A ERSE defende ainda que entre os projetos propostos pela REN s\u00f3 avancem \u201cos que se considerem efetivamente urgentes, inadi\u00e1veis e devidamente justificados\u201d.<\/p>\n<p>O regulador acrescenta tamb\u00e9m que a apresenta\u00e7\u00e3o do pr\u00f3ximo PDIRG, em 2027, ser\u00e1 \u201cuma nova oportunidade para revisitar a evolu\u00e7\u00e3o do investimento a efetuar\u201d.<\/p>\n","protected":false},"excerpt":{"rendered":"A Entidade Reguladora dos Servi\u00e7os Energ\u00e9ticos (ERSE) considera que n\u00e3o se justificam todos os investimentos que a REN&hellip;\n","protected":false},"author":2,"featured_media":106098,"comment_status":"","ping_status":"","sticky":false,"template":"","format":"standard","meta":{"footnotes":""},"categories":[83],"tags":[88,89,90,32,33],"class_list":{"0":"post-106097","1":"post","2":"type-post","3":"status-publish","4":"format-standard","5":"has-post-thumbnail","7":"category-empresas","8":"tag-business","9":"tag-economy","10":"tag-empresas","11":"tag-portugal","12":"tag-pt"},"share_on_mastodon":{"url":"","error":""},"_links":{"self":[{"href":"https:\/\/www.europesays.com\/pt\/wp-json\/wp\/v2\/posts\/106097","targetHints":{"allow":["GET"]}}],"collection":[{"href":"https:\/\/www.europesays.com\/pt\/wp-json\/wp\/v2\/posts"}],"about":[{"href":"https:\/\/www.europesays.com\/pt\/wp-json\/wp\/v2\/types\/post"}],"author":[{"embeddable":true,"href":"https:\/\/www.europesays.com\/pt\/wp-json\/wp\/v2\/users\/2"}],"replies":[{"embeddable":true,"href":"https:\/\/www.europesays.com\/pt\/wp-json\/wp\/v2\/comments?post=106097"}],"version-history":[{"count":0,"href":"https:\/\/www.europesays.com\/pt\/wp-json\/wp\/v2\/posts\/106097\/revisions"}],"wp:featuredmedia":[{"embeddable":true,"href":"https:\/\/www.europesays.com\/pt\/wp-json\/wp\/v2\/media\/106098"}],"wp:attachment":[{"href":"https:\/\/www.europesays.com\/pt\/wp-json\/wp\/v2\/media?parent=106097"}],"wp:term":[{"taxonomy":"category","embeddable":true,"href":"https:\/\/www.europesays.com\/pt\/wp-json\/wp\/v2\/categories?post=106097"},{"taxonomy":"post_tag","embeddable":true,"href":"https:\/\/www.europesays.com\/pt\/wp-json\/wp\/v2\/tags?post=106097"}],"curies":[{"name":"wp","href":"https:\/\/api.w.org\/{rel}","templated":true}]}}