{"id":106101,"date":"2025-10-11T09:13:10","date_gmt":"2025-10-11T09:13:10","guid":{"rendered":"https:\/\/www.europesays.com\/pt\/106101\/"},"modified":"2025-10-11T09:13:10","modified_gmt":"2025-10-11T09:13:10","slug":"familias-de-gaia-vao-ser-expropriadas-lancaram-a-bomba-e-deixaram-nos-a-vida-em-suspenso","status":"publish","type":"post","link":"https:\/\/www.europesays.com\/pt\/106101\/","title":{"rendered":"Fam\u00edlias de Gaia v\u00e3o ser expropriadas. &#8220;Lan\u00e7aram a bomba e deixaram-nos a vida em suspenso&#8221;"},"content":{"rendered":"<p>&#8220;H\u00e1 anos que se fala disto, ser\u00e1 que \u00e9 mesmo verdade? Ser\u00e1 que \u00e9 desta vez que vai avan\u00e7ar?&#8221; Em Canelas, Vila Nova de Gaia, h\u00e1 muitas d\u00favidas sobre a constru\u00e7\u00e3o do tra\u00e7ado para o comboio de alta velocidade. Mas tamb\u00e9m v\u00e3o existindo meias certezas.<\/p>\n<p data-remotead-prev-elm=\"true\" data-remotead-elm-id=\"inread\">Na Rua de Ramos, n\u00e3o muito distante do local onde poder\u00e1 encaixar a esta\u00e7\u00e3o Vilar do Para\u00edso\/S\u00e3o Caetano, colocada em cima da mesa pelo cons\u00f3rcio AVAN Norte, os moradores est\u00e3o apreensivos. H\u00e1 quem j\u00e1 tenha sido contactado e, em princ\u00edpio, ver\u00e1 o terreno e a casa expropriados e h\u00e1 quem esteja no fio da navalha, sem saber para que lado a decis\u00e3o do cons\u00f3rcio ir\u00e1 cair: a casa vai ou n\u00e3o abaixo? Em termos simplistas, \u00e9 mesmo assim.<\/p>\n<p>Acesso exclusivo a assinantes<\/p>\n<p>Acesso ilimitado a conte\u00fados exclusivos<\/p>\n<p>Navega\u00e7\u00e3o sem publicidade intrusiva<\/p>\n<p>Vers\u00e3o digital do jornal, suplementos e revistas<\/p>\n","protected":false},"excerpt":{"rendered":"&#8220;H\u00e1 anos que se fala disto, ser\u00e1 que \u00e9 mesmo verdade? Ser\u00e1 que \u00e9 desta vez que vai&hellip;\n","protected":false},"author":2,"featured_media":106102,"comment_status":"","ping_status":"","sticky":false,"template":"","format":"standard","meta":{"footnotes":""},"categories":[10],"tags":[27,28,19635,25461,15,16,14,25,26,21,22,12,13,19,20,32,23,24,33,17,18,29,30,31],"class_list":{"0":"post-106101","1":"post","2":"type-post","3":"status-publish","4":"format-standard","5":"has-post-thumbnail","7":"category-portugal","8":"tag-breaking-news","9":"tag-breakingnews","10":"tag-concelho-vila-nova-de-gaia","11":"tag-expropriacao","12":"tag-featured-news","13":"tag-featurednews","14":"tag-headlines","15":"tag-latest-news","16":"tag-latestnews","17":"tag-main-news","18":"tag-mainnews","19":"tag-news","20":"tag-noticias","21":"tag-noticias-principais","22":"tag-noticiasprincipais","23":"tag-portugal","24":"tag-principais-noticias","25":"tag-principaisnoticias","26":"tag-pt","27":"tag-top-stories","28":"tag-topstories","29":"tag-ultimas","30":"tag-ultimas-noticias","31":"tag-ultimasnoticias"},"share_on_mastodon":{"url":"","error":""},"_links":{"self":[{"href":"https:\/\/www.europesays.com\/pt\/wp-json\/wp\/v2\/posts\/106101","targetHints":{"allow":["GET"]}}],"collection":[{"href":"https:\/\/www.europesays.com\/pt\/wp-json\/wp\/v2\/posts"}],"about":[{"href":"https:\/\/www.europesays.com\/pt\/wp-json\/wp\/v2\/types\/post"}],"author":[{"embeddable":true,"href":"https:\/\/www.europesays.com\/pt\/wp-json\/wp\/v2\/users\/2"}],"replies":[{"embeddable":true,"href":"https:\/\/www.europesays.com\/pt\/wp-json\/wp\/v2\/comments?post=106101"}],"version-history":[{"count":0,"href":"https:\/\/www.europesays.com\/pt\/wp-json\/wp\/v2\/posts\/106101\/revisions"}],"wp:featuredmedia":[{"embeddable":true,"href":"https:\/\/www.europesays.com\/pt\/wp-json\/wp\/v2\/media\/106102"}],"wp:attachment":[{"href":"https:\/\/www.europesays.com\/pt\/wp-json\/wp\/v2\/media?parent=106101"}],"wp:term":[{"taxonomy":"category","embeddable":true,"href":"https:\/\/www.europesays.com\/pt\/wp-json\/wp\/v2\/categories?post=106101"},{"taxonomy":"post_tag","embeddable":true,"href":"https:\/\/www.europesays.com\/pt\/wp-json\/wp\/v2\/tags?post=106101"}],"curies":[{"name":"wp","href":"https:\/\/api.w.org\/{rel}","templated":true}]}}