{"id":106105,"date":"2025-10-11T09:20:11","date_gmt":"2025-10-11T09:20:11","guid":{"rendered":"https:\/\/www.europesays.com\/pt\/106105\/"},"modified":"2025-10-11T09:20:11","modified_gmt":"2025-10-11T09:20:11","slug":"boa-sorte-para-quem-conseguir-o-papel-ator-cotado-para-interpretar-voldemort-nao-estara-na-serie-de-harry-potter-noticias-de-series","status":"publish","type":"post","link":"https:\/\/www.europesays.com\/pt\/106105\/","title":{"rendered":"&#8220;Boa sorte para quem conseguir o papel&#8221;: Ator cotado para interpretar Voldemort n\u00e3o estar\u00e1 na s\u00e9rie de Harry Potter &#8211; Not\u00edcias de s\u00e9ries"},"content":{"rendered":"<p>Citado entre os favoritos dos f\u00e3s para interpretar o Lorde das Trevas, ele n\u00e3o vai aparecer na nova adapta\u00e7\u00e3o dos romances de J.K. Rowling.<\/p>\n<p class=\"bo-p\">Ainda n\u00e3o sabemos quem interpretar\u00e1 <b>Voldemort<\/b> na <a href=\"https:\/\/www.adorocinema.com\/series\/serie-28244\/\" class=\"bo-link\" rel=\"nofollow noopener\" target=\"_blank\">s\u00e9rie de Harry Potter<\/a>, mas j\u00e1 sabemos quem n\u00e3o o interpretar\u00e1! A nova adapta\u00e7\u00e3o dos romances de <a href=\"https:\/\/www.adorocinema.com\/personalidades\/personalidade-68219\/\" class=\"bo-link\" rel=\"nofollow noopener\" target=\"_blank\">J.K. Rowling<\/a> est\u00e1 atualmente sendo filmada em Londres, com sete temporadas previstas para <a href=\"https:\/\/www.adorocinema.com\/noticias\/filmes\/noticia-1000162898\/\" class=\"bo-link\" rel=\"nofollow noopener\" target=\"_blank\">adaptar cada um dos livros da saga<\/a> \u2013 e a expectativa de ser uma adapta\u00e7\u00e3o ainda mais fiel do que os oito filmes.<\/p>\n<p class=\"bo-p\"><a href=\"https:\/\/www.adorocinema.com\/noticias\/series\/noticia-1000162419\/\" class=\"bo-link\" rel=\"nofollow noopener\" target=\"_blank\">Quase todo o elenco j\u00e1 foi revelado<\/a>, incluindo <b>Dominic McLaughlin<\/b> (que substitui <a href=\"https:\/\/www.adorocinema.com\/personalidades\/personalidade-61009\/\" class=\"bo-link\" rel=\"nofollow noopener\" target=\"_blank\">Daniel Radcliffe<\/a> como Harry Potter), <b>Arabella Stanton<\/b> (Hermione Granger), <b>Alastair Stout<\/b> (Ron Weasley) e <a href=\"https:\/\/www.adorocinema.com\/personalidades\/personalidade-5293\/\" class=\"bo-link\" rel=\"nofollow noopener\" target=\"_blank\">John Lithgow<\/a> como Professor Dumbledore.<\/p>\n<p class=\"bo-p\">Mas, entre outros pap\u00e9is, existe um que ainda permanece um mist\u00e9rio: o de ningu\u00e9m menos que <b>Lord Voldemort<\/b>, o grande vil\u00e3o da saga. Nos filmes, o bruxo maligno foi interpretado por <a href=\"https:\/\/www.adorocinema.com\/personalidades\/personalidade-15280\/\" class=\"bo-link\" rel=\"nofollow noopener\" target=\"_blank\">Ralph Fiennes<\/a> \u2013 uma atua\u00e7\u00e3o muito elogiada pelos f\u00e3s, o que torna a busca por seu sucessor ainda mais dif\u00edcil.<\/p>\n<p>                                <img loading=\"lazy\" decoding=\"async\" class=\"article-figure-img\" src=\"https:\/\/www.europesays.com\/pt\/wp-content\/uploads\/2025\/10\/d7b7333d0bf6b368ed5f2fe9b58cf2b3.jpg\" width=\"640\" height=\"320\" alt=\"\"\/><\/p>\n<p>                                    Warner Bros.<\/p>\n<p>Um candidato a menos para o papel de Voldemort<\/p>\n<p class=\"bo-p\">Por esse motivo, <a href=\"https:\/\/www.adorocinema.com\/personalidades\/personalidade-224013\/\" class=\"bo-link\" rel=\"nofollow noopener\" target=\"_blank\">Matt Smith<\/a> desejou &#8220;boa sorte para quem conseguir o papel&#8221;. O ator ingl\u00eas, conhecido por seus pap\u00e9is nas s\u00e9ries <a href=\"https:\/\/www.adorocinema.com\/series\/serie-575\/\" class=\"bo-link\" rel=\"nofollow noopener\" target=\"_blank\">Doctor Who<\/a> e <a href=\"https:\/\/www.adorocinema.com\/series\/serie-25633\/\" class=\"bo-link\" rel=\"nofollow noopener\" target=\"_blank\">House of the Dragon<\/a>, \u00e9 frequentemente citado como o favorito dos f\u00e3s para interpretar o Lorde das Trevas. Infelizmente, ele j\u00e1 confirmou \u00e0 NBC News que n\u00e3o aparecer\u00e1 na <a href=\"https:\/\/www.adorocinema.com\/noticias\/series\/noticia-1000149960\/\" class=\"bo-link\" rel=\"nofollow noopener\" target=\"_blank\">nova adapta\u00e7\u00e3o de Harry Potter<\/a>.<\/p>\n<p class=\"bo-p\">A HBO decidiu n\u00e3o revelar a identidade do ator que interpretar\u00e1 Voldemort at\u00e9 a s\u00e9rie ir ao ar. H\u00e1 rumores de que <a href=\"https:\/\/www.adorocinema.com\/personalidades\/personalidade-69081\/\" class=\"bo-link\" rel=\"nofollow noopener\" target=\"_blank\">Cillian Murphy<\/a> pode interpretar o vil\u00e3o, e alguns tabloides brit\u00e2nicos tamb\u00e9m sugerem o nome de <a href=\"https:\/\/www.adorocinema.com\/personalidades\/personalidade-126699\/\" class=\"bo-link\" rel=\"nofollow noopener\" target=\"_blank\">Matthew Macfadyen<\/a> (<a href=\"https:\/\/www.adorocinema.com\/series\/serie-20697\/\" class=\"bo-link\" rel=\"nofollow noopener\" target=\"_blank\">Succession<\/a>).<\/p>\n<p class=\"bo-p\">Teremos, portanto, que esperar at\u00e9 2027 para descobrir a identidade do novo Lord Voldemort, quando a s\u00e9rie de <b>Harry Potter<\/b> for transmitida pela HBO Max.<\/p>\n","protected":false},"excerpt":{"rendered":"Citado entre os favoritos dos f\u00e3s para interpretar o Lorde das Trevas, ele n\u00e3o vai aparecer na nova&hellip;\n","protected":false},"author":2,"featured_media":106106,"comment_status":"","ping_status":"","sticky":false,"template":"","format":"standard","meta":{"footnotes":""},"categories":[140],"tags":[114,115,147,148,146,32,33],"class_list":{"0":"post-106105","1":"post","2":"type-post","3":"status-publish","4":"format-standard","5":"has-post-thumbnail","7":"category-filmes","8":"tag-entertainment","9":"tag-entretenimento","10":"tag-film","11":"tag-filmes","12":"tag-movies","13":"tag-portugal","14":"tag-pt"},"share_on_mastodon":{"url":"","error":""},"_links":{"self":[{"href":"https:\/\/www.europesays.com\/pt\/wp-json\/wp\/v2\/posts\/106105","targetHints":{"allow":["GET"]}}],"collection":[{"href":"https:\/\/www.europesays.com\/pt\/wp-json\/wp\/v2\/posts"}],"about":[{"href":"https:\/\/www.europesays.com\/pt\/wp-json\/wp\/v2\/types\/post"}],"author":[{"embeddable":true,"href":"https:\/\/www.europesays.com\/pt\/wp-json\/wp\/v2\/users\/2"}],"replies":[{"embeddable":true,"href":"https:\/\/www.europesays.com\/pt\/wp-json\/wp\/v2\/comments?post=106105"}],"version-history":[{"count":0,"href":"https:\/\/www.europesays.com\/pt\/wp-json\/wp\/v2\/posts\/106105\/revisions"}],"wp:featuredmedia":[{"embeddable":true,"href":"https:\/\/www.europesays.com\/pt\/wp-json\/wp\/v2\/media\/106106"}],"wp:attachment":[{"href":"https:\/\/www.europesays.com\/pt\/wp-json\/wp\/v2\/media?parent=106105"}],"wp:term":[{"taxonomy":"category","embeddable":true,"href":"https:\/\/www.europesays.com\/pt\/wp-json\/wp\/v2\/categories?post=106105"},{"taxonomy":"post_tag","embeddable":true,"href":"https:\/\/www.europesays.com\/pt\/wp-json\/wp\/v2\/tags?post=106105"}],"curies":[{"name":"wp","href":"https:\/\/api.w.org\/{rel}","templated":true}]}}