{"id":106112,"date":"2025-10-11T09:26:08","date_gmt":"2025-10-11T09:26:08","guid":{"rendered":"https:\/\/www.europesays.com\/pt\/106112\/"},"modified":"2025-10-11T09:26:08","modified_gmt":"2025-10-11T09:26:08","slug":"trump-publicou-por-acidente-mensagem-a-nomear-adversarios-a-investigar-judicialmente","status":"publish","type":"post","link":"https:\/\/www.europesays.com\/pt\/106112\/","title":{"rendered":"Trump publicou por acidente mensagem a nomear advers\u00e1rios a investigar judicialmente"},"content":{"rendered":"<p>&#13;<br \/>\nPosteriormente apagada, a longa publica\u00e7\u00e3o de 20 de setembro era uma mensagem privada para Bondi, expressando insatisfa\u00e7\u00e3o por n\u00e3o ver qualquer a\u00e7\u00e3o legal concreta contra os seus rivais pol\u00edticos, segundo o Wall Street Journal.\u00a0&#13;\n<\/p>\n<p>&#13;<br \/>\nA NBC, citando uma fonte do governo, adianta que Trump ficou surpreendido ao saber que tinha publicado acidentalmente a mensagem na sua conta na rede\u00a0Truth Social, e reagiu dizendo apenas &#8220;Oh&#8221;, tentando\u00a0depois ignorar o assunto.\u00a0&#13;\n<\/p>\n<p>&#13;<br \/>\nNa publica\u00e7\u00e3o, Trump queixava-se diretamente \u00e0 procuradora-geral por\u00a0Bondi\u00a0ainda n\u00e3o ter apresentado acusa\u00e7\u00f5es contra o ex-respons\u00e1vel do FBI, James Comey, o senador democrata Adam Schiff\u00a0e &#8220;Letitia&#8221;, uma refer\u00eancia \u00e0 procuradora de Nova Iorque Letitia James, que foi acusada esta semana de fraude banc\u00e1ria.\u00a0&#13;\n<\/p>\n<p>&#13;<br \/>\n&#8220;N\u00e3o podemos adiar mais, isto est\u00e1 a acabar com a nossa reputa\u00e7\u00e3o e credibilidade&#8221;, escreveu Trump, referindo-se ao facto de ele pr\u00f3prio ter sido acusado e submetido a processos de destitui\u00e7\u00e3o v\u00e1rias vezes.\u00a0\u00a0&#13;\n<\/p>\n<p>&#13;<br \/>\n&#8220;A JUSTI\u00c7A TEM DE SER FEITA, AGORA!!!, publicou Donald Trump.\u00a0\u00a0&#13;\n<\/p>\n<p>&#13;<br \/>\nTrump afirmou ainda que nomearia Lindsey Halligan, conselheira da Casa Branca, para exercer as fun\u00e7\u00f5es de procuradora no Distrito Leste da Virg\u00ednia, substituindo Erik Seibert, que\u00a0acreditava n\u00e3o ter reunido provas suficientes para sustentar acusa\u00e7\u00f5es criminais contra Letitia James, ap\u00f3s entrevistar dezenas de testemunhas.&#13;\n<\/p>\n<p>&#13;<br \/>\nSem experi\u00eancia como procuradora federal, Halligan apressou-se a apresentar o caso de Comey a um grande j\u00fari poucos dias depois de ser nomeada.\u00a0\u00a0\u00a0&#13;\n<\/p>\n<p>&#13;<br \/>\nComey foi acusado de obstru\u00e7\u00e3o \u00e0 justi\u00e7a e perj\u00fario por um grande j\u00fari federal em Alexandria, estado da Virg\u00ednia.\u00a0\u00a0\u00a0&#13;\n<\/p>\n<p>&#13;<br \/>\nA acusa\u00e7\u00e3o decorre de um depoimento de Comey ao Comit\u00e9 Judici\u00e1rio do Senado em setembro de 2020 sobre a investiga\u00e7\u00e3o do FBI \u00e0s liga\u00e7\u00f5es entre a campanha presidencial de Trump em 2016 e a R\u00fassia.\u00a0\u00a0\u00a0&#13;\n<\/p>\n<p>&#13;<br \/>\nO Departamento de Justi\u00e7a abriu tamb\u00e9m uma investiga\u00e7\u00e3o contra o ex-conselheiro de seguran\u00e7a nacional de Trump, John Bolton, e o senador democrata da Calif\u00f3rnia Adam Schiff,\u00a0que promoveu o processo\u00a0de destitui\u00e7\u00e3o presidencial pelo Congresso, ap\u00f3s o assalto ao Capit\u00f3lio em janeiro de 2021,\u00a0do agora reeleito Presidente.\u00a0\u00a0\u00a0&#13;\n<\/p>\n<p>&#13;<br \/>\nA procuradora-geral de Nova Iorque, Letitia James, afirmou na quinta-feira que a acusa\u00e7\u00e3o de fraude hipotec\u00e1ria que lhe foi movida pela procuradoria federal, ap\u00f3s press\u00e3o nesse sentido do Presidente norte-americano, Donald Trump, constitui uma &#8220;retalia\u00e7\u00e3o pol\u00edtica&#8221;.\u00a0\u00a0&#13;\n<\/p>\n<p>&#13;<br \/>\n&#8220;Combateremos vigorosamente estas acusa\u00e7\u00f5es infundadas (&#8230;) E continuarei a fazer o meu trabalho&#8221;, afirmou a procuradora-geral, cuja acusa\u00e7\u00e3o tinha sido publicamente pedida por Trump \u00e0 procuradora-geral Pam Bondi.\u00a0\u00a0&#13;\n<\/p>\n<p>&#13;<br \/>\nSegundo o canal norte-americano CNN, Letitia James estava sob investiga\u00e7\u00e3o desde maio por causa de uma hipoteca de 2023 que fez para ajudar a sobrinha a comprar uma casa em Norfolk, Virg\u00ednia.\u00a0\u00a0\u00a0&#13;\n<\/p>\n<p>&#13;<br \/>\nOs advogados de James admitem um erro no preenchimento de um documento, mas afirmam que o mesmo foi corrigido atempadamente e que n\u00e3o h\u00e1 sustenta\u00e7\u00e3o m\u00ednima para a acusa\u00e7\u00e3o, segundo a mesma fonte.\u00a0\u00a0\u00a0&#13;\n<\/p>\n<p>&#13;<br \/>\nNo estado de Nova Iorque, os procuradores s\u00e3o eleitos, e James \u00e9 membro do Partido Democrata.\u00a0\u00a0&#13;\n<\/p>\n<p>&#13;<br \/>\nJames ganhou em 2024 em Nova Iorque um processo civil por fraude contra Trump, os seus filhos adultos e a sua imobili\u00e1ria, tendo o julgamento sido marcado por acesas trocas de palavras entre o ent\u00e3o candidato presidencial republicano e a procuradora nova-iorquina. \u00a0\u00a0\u00a0&#13;\n<\/p>\n<p>&#13;<br \/>\nUm juiz considerou os r\u00e9us respons\u00e1veis por fraude, por inflacionar o valor das suas propriedades, e ordenou que Trump pagasse 355 milh\u00f5es de d\u00f3lares em multas, decis\u00e3o de que o empres\u00e1rio e agora Presidente recorreu.\u00a0 \u00a0\u00a0&#13;<\/p>\n","protected":false},"excerpt":{"rendered":"&#13; Posteriormente apagada, a longa publica\u00e7\u00e3o de 20 de setembro era uma mensagem privada para Bondi, expressando insatisfa\u00e7\u00e3o&hellip;\n","protected":false},"author":2,"featured_media":106113,"comment_status":"","ping_status":"","sticky":false,"template":"","format":"standard","meta":{"footnotes":""},"categories":[50],"tags":[27,28,25465,15,16,14,25,26,25464,21,22,62,12,13,19,20,23,24,17,18,2183,29,30,31,63,64,65],"class_list":{"0":"post-106112","1":"post","2":"type-post","3":"status-publish","4":"format-standard","5":"has-post-thumbnail","7":"category-mundo","8":"tag-breaking-news","9":"tag-breakingnews","10":"tag-comey-comite-judiciario","11":"tag-featured-news","12":"tag-featurednews","13":"tag-headlines","14":"tag-latest-news","15":"tag-latestnews","16":"tag-leste-virginia","17":"tag-main-news","18":"tag-mainnews","19":"tag-mundo","20":"tag-news","21":"tag-noticias","22":"tag-noticias-principais","23":"tag-noticiasprincipais","24":"tag-principais-noticias","25":"tag-principaisnoticias","26":"tag-top-stories","27":"tag-topstories","28":"tag-trump","29":"tag-ultimas","30":"tag-ultimas-noticias","31":"tag-ultimasnoticias","32":"tag-world","33":"tag-world-news","34":"tag-worldnews"},"share_on_mastodon":{"url":"","error":""},"_links":{"self":[{"href":"https:\/\/www.europesays.com\/pt\/wp-json\/wp\/v2\/posts\/106112","targetHints":{"allow":["GET"]}}],"collection":[{"href":"https:\/\/www.europesays.com\/pt\/wp-json\/wp\/v2\/posts"}],"about":[{"href":"https:\/\/www.europesays.com\/pt\/wp-json\/wp\/v2\/types\/post"}],"author":[{"embeddable":true,"href":"https:\/\/www.europesays.com\/pt\/wp-json\/wp\/v2\/users\/2"}],"replies":[{"embeddable":true,"href":"https:\/\/www.europesays.com\/pt\/wp-json\/wp\/v2\/comments?post=106112"}],"version-history":[{"count":0,"href":"https:\/\/www.europesays.com\/pt\/wp-json\/wp\/v2\/posts\/106112\/revisions"}],"wp:featuredmedia":[{"embeddable":true,"href":"https:\/\/www.europesays.com\/pt\/wp-json\/wp\/v2\/media\/106113"}],"wp:attachment":[{"href":"https:\/\/www.europesays.com\/pt\/wp-json\/wp\/v2\/media?parent=106112"}],"wp:term":[{"taxonomy":"category","embeddable":true,"href":"https:\/\/www.europesays.com\/pt\/wp-json\/wp\/v2\/categories?post=106112"},{"taxonomy":"post_tag","embeddable":true,"href":"https:\/\/www.europesays.com\/pt\/wp-json\/wp\/v2\/tags?post=106112"}],"curies":[{"name":"wp","href":"https:\/\/api.w.org\/{rel}","templated":true}]}}