{"id":106114,"date":"2025-10-11T09:27:32","date_gmt":"2025-10-11T09:27:32","guid":{"rendered":"https:\/\/www.europesays.com\/pt\/106114\/"},"modified":"2025-10-11T09:27:32","modified_gmt":"2025-10-11T09:27:32","slug":"problema-tecnico-no-reino-unido-atrasa-sorteio-do-euromilhoes","status":"publish","type":"post","link":"https:\/\/www.europesays.com\/pt\/106114\/","title":{"rendered":"&#8220;Problema t\u00e9cnico no Reino Unido&#8221; atrasa sorteio do Euromilh\u00f5es"},"content":{"rendered":"<p>Um &#8220;problema t\u00e9cnico no Reino Unido&#8221; atrasou, esta sexta-feira, o sorteio do Euromilh\u00f5es em Paris, Fran\u00e7a. O problema j\u00e1 est\u00e1, no entanto, resolvido.<\/p>\n<p>A not\u00edcia foi confirmada ao\u00a0Not\u00edcias ao Minuto pela Santa Casa.<\/p>\n<p>Os n\u00fameros do sorteio &#8211; que se realiza todas as ter\u00e7as e sextas-feiras &#8211; costuma sair entre as 20h e 20h30 de Portugal continental.<\/p>\n<p>A confirma\u00e7\u00e3o do problema t\u00e9cnico foi confirmada por volta das 22h15. A mesma fonte adiantou que o problema j\u00e1 est\u00e1 resolvido e que &#8220;os n\u00fameros dever\u00e3o sair em breve&#8221;.\u00a0<\/p>\n<p>[Not\u00edcia atualizada \u00e0s 22h26]<\/p>\n<p>Leia Tamb\u00e9m: <a href=\"https:\/\/www.noticiasaominuto.com\/pais\/2866551\/euromilhoes-ha-um-2-premio-chorudo-a-caminho-de-portugal\" target=\"_blank\" rel=\"noopener noreferrer nofollow\">Euromilh\u00f5es: H\u00e1 um 2.\u00ba pr\u00e9mio &#8216;chorudo&#8217; a caminho de Portugal<\/a><\/p>\n","protected":false},"excerpt":{"rendered":"Um &#8220;problema t\u00e9cnico no Reino Unido&#8221; atrasou, esta sexta-feira, o sorteio do Euromilh\u00f5es em Paris, Fran\u00e7a. O problema&hellip;\n","protected":false},"author":2,"featured_media":106115,"comment_status":"","ping_status":"","sticky":false,"template":"","format":"standard","meta":{"footnotes":""},"categories":[10],"tags":[27,28,15,16,14,25,26,21,22,12,13,19,20,32,23,24,33,17,18,29,30,31],"class_list":{"0":"post-106114","1":"post","2":"type-post","3":"status-publish","4":"format-standard","5":"has-post-thumbnail","7":"category-portugal","8":"tag-breaking-news","9":"tag-breakingnews","10":"tag-featured-news","11":"tag-featurednews","12":"tag-headlines","13":"tag-latest-news","14":"tag-latestnews","15":"tag-main-news","16":"tag-mainnews","17":"tag-news","18":"tag-noticias","19":"tag-noticias-principais","20":"tag-noticiasprincipais","21":"tag-portugal","22":"tag-principais-noticias","23":"tag-principaisnoticias","24":"tag-pt","25":"tag-top-stories","26":"tag-topstories","27":"tag-ultimas","28":"tag-ultimas-noticias","29":"tag-ultimasnoticias"},"share_on_mastodon":{"url":"","error":""},"_links":{"self":[{"href":"https:\/\/www.europesays.com\/pt\/wp-json\/wp\/v2\/posts\/106114","targetHints":{"allow":["GET"]}}],"collection":[{"href":"https:\/\/www.europesays.com\/pt\/wp-json\/wp\/v2\/posts"}],"about":[{"href":"https:\/\/www.europesays.com\/pt\/wp-json\/wp\/v2\/types\/post"}],"author":[{"embeddable":true,"href":"https:\/\/www.europesays.com\/pt\/wp-json\/wp\/v2\/users\/2"}],"replies":[{"embeddable":true,"href":"https:\/\/www.europesays.com\/pt\/wp-json\/wp\/v2\/comments?post=106114"}],"version-history":[{"count":0,"href":"https:\/\/www.europesays.com\/pt\/wp-json\/wp\/v2\/posts\/106114\/revisions"}],"wp:featuredmedia":[{"embeddable":true,"href":"https:\/\/www.europesays.com\/pt\/wp-json\/wp\/v2\/media\/106115"}],"wp:attachment":[{"href":"https:\/\/www.europesays.com\/pt\/wp-json\/wp\/v2\/media?parent=106114"}],"wp:term":[{"taxonomy":"category","embeddable":true,"href":"https:\/\/www.europesays.com\/pt\/wp-json\/wp\/v2\/categories?post=106114"},{"taxonomy":"post_tag","embeddable":true,"href":"https:\/\/www.europesays.com\/pt\/wp-json\/wp\/v2\/tags?post=106114"}],"curies":[{"name":"wp","href":"https:\/\/api.w.org\/{rel}","templated":true}]}}