{"id":106128,"date":"2025-10-11T09:40:08","date_gmt":"2025-10-11T09:40:08","guid":{"rendered":"https:\/\/www.europesays.com\/pt\/106128\/"},"modified":"2025-10-11T09:40:08","modified_gmt":"2025-10-11T09:40:08","slug":"sismo-de-magnitude-78-atinge-regiao-entre-a-america-do-sul-e-antartida","status":"publish","type":"post","link":"https:\/\/www.europesays.com\/pt\/106128\/","title":{"rendered":"Sismo de magnitude 7,8 atinge regi\u00e3o entre a Am\u00e9rica do Sul e Ant\u00e1rtida"},"content":{"rendered":"<p>Um sismo de magnitude 7,8 atingiu, esta sexta-feira, uma regi\u00e3o entre a Am\u00e9rica do Sul e a Ant\u00e1rtida.<\/p>\n<p>De acordo com a Reuters, as autoridades chegaram a emitir alertas de tsunami, mas j\u00e1 foram retirados.<\/p>\n<p>Note-se que as autoridades deixaram tamb\u00e9m alertas sobre poss\u00edveis impactos nas bases militares de Prat e O&#8217;Higgins, situadas na ponta da Ant\u00e1rtida e no Cabo Horn, um pequeno munic\u00edpio num promont\u00f3rio insular localizado no extremo sul da Terra do Fogo, esta \u00faltima localiza\u00e7\u00e3o controlada pela Argentina.<\/p>\n<p>O sismo aconteceu \u00e0s 17h30 locais, 21h30 em Lisboa.<\/p>\n<p>[Not\u00edcia atualizada \u00e0s 23h27]<\/p>\n<p>Leia Tamb\u00e9m: <a href=\"https:\/\/www.noticiasaominuto.com\/mundo\/2868415\/replica-de-6-7-atinge-sul-de-filipinas-apos-sismo-que-fez-seis-mortos\" target=\"_blank\" rel=\"noreferrer noopener nofollow\">R\u00e9plica de 6,7 atinge sul de Filipinas ap\u00f3s sismo que fez seis mortos<\/a><\/p>\n","protected":false},"excerpt":{"rendered":"Um sismo de magnitude 7,8 atingiu, esta sexta-feira, uma regi\u00e3o entre a Am\u00e9rica do Sul e a Ant\u00e1rtida.&hellip;\n","protected":false},"author":2,"featured_media":106129,"comment_status":"","ping_status":"","sticky":false,"template":"","format":"standard","meta":{"footnotes":""},"categories":[50],"tags":[27,28,15,16,14,25,26,21,22,62,12,13,19,20,23,24,17,18,29,30,31,63,64,65],"class_list":{"0":"post-106128","1":"post","2":"type-post","3":"status-publish","4":"format-standard","5":"has-post-thumbnail","7":"category-mundo","8":"tag-breaking-news","9":"tag-breakingnews","10":"tag-featured-news","11":"tag-featurednews","12":"tag-headlines","13":"tag-latest-news","14":"tag-latestnews","15":"tag-main-news","16":"tag-mainnews","17":"tag-mundo","18":"tag-news","19":"tag-noticias","20":"tag-noticias-principais","21":"tag-noticiasprincipais","22":"tag-principais-noticias","23":"tag-principaisnoticias","24":"tag-top-stories","25":"tag-topstories","26":"tag-ultimas","27":"tag-ultimas-noticias","28":"tag-ultimasnoticias","29":"tag-world","30":"tag-world-news","31":"tag-worldnews"},"share_on_mastodon":{"url":"","error":""},"_links":{"self":[{"href":"https:\/\/www.europesays.com\/pt\/wp-json\/wp\/v2\/posts\/106128","targetHints":{"allow":["GET"]}}],"collection":[{"href":"https:\/\/www.europesays.com\/pt\/wp-json\/wp\/v2\/posts"}],"about":[{"href":"https:\/\/www.europesays.com\/pt\/wp-json\/wp\/v2\/types\/post"}],"author":[{"embeddable":true,"href":"https:\/\/www.europesays.com\/pt\/wp-json\/wp\/v2\/users\/2"}],"replies":[{"embeddable":true,"href":"https:\/\/www.europesays.com\/pt\/wp-json\/wp\/v2\/comments?post=106128"}],"version-history":[{"count":0,"href":"https:\/\/www.europesays.com\/pt\/wp-json\/wp\/v2\/posts\/106128\/revisions"}],"wp:featuredmedia":[{"embeddable":true,"href":"https:\/\/www.europesays.com\/pt\/wp-json\/wp\/v2\/media\/106129"}],"wp:attachment":[{"href":"https:\/\/www.europesays.com\/pt\/wp-json\/wp\/v2\/media?parent=106128"}],"wp:term":[{"taxonomy":"category","embeddable":true,"href":"https:\/\/www.europesays.com\/pt\/wp-json\/wp\/v2\/categories?post=106128"},{"taxonomy":"post_tag","embeddable":true,"href":"https:\/\/www.europesays.com\/pt\/wp-json\/wp\/v2\/tags?post=106128"}],"curies":[{"name":"wp","href":"https:\/\/api.w.org\/{rel}","templated":true}]}}