{"id":106130,"date":"2025-10-11T09:41:25","date_gmt":"2025-10-11T09:41:25","guid":{"rendered":"https:\/\/www.europesays.com\/pt\/106130\/"},"modified":"2025-10-11T09:41:25","modified_gmt":"2025-10-11T09:41:25","slug":"homem-de-20-anos-detido-pela-pj-por-pornografia-de-menores","status":"publish","type":"post","link":"https:\/\/www.europesays.com\/pt\/106130\/","title":{"rendered":"Homem de 20 anos detido pela PJ por pornografia de menores"},"content":{"rendered":"<p>A Pol\u00edcia Judici\u00e1ria, atrav\u00e9s da Diretoria do Norte, identificou e deteve, ontem, em Matosinhos, um homem de 20 anos, suspeito da pr\u00e1tica de crimes de pornografia de menores, praticados desde mar\u00e7o de 2024, atrav\u00e9s da utiliza\u00e7\u00e3o de plataformas inform\u00e1ticas.<\/p>\n<p><a target=\"_blank\" href=\"https:\/\/pplware.sapo.pt\/wp-content\/uploads\/2025\/08\/ver_pornografia_computador.jpg\" onclick=\"refreshIframe()\" class=\"foobox\" rel=\"nofollow noopener\"><img fetchpriority=\"high\" decoding=\"async\" src=\"https:\/\/www.europesays.com\/pt\/wp-content\/uploads\/2025\/08\/ver_pornografia_computador-720x405.jpg\" alt=\"Homem de 20 anos detido pela PJ por pornografia de menores\" width=\"720\" height=\"405\" class=\"aligncenter wp-image-1074320 size-medium\"  \/><\/a><\/p>\n<p>Pornografia de menores: detetados in\u00fameros ficheiros contendo material pornogr\u00e1fico<\/p>\n<p>A investiga\u00e7\u00e3o da PJ teve in\u00edcio numa den\u00fancia efetuada por uma entidade gestora de uma plataforma online de conte\u00fados para adultos, onde foi publicado conte\u00fado com abusos sexuais de menores.<\/p>\n<p>A partir dessa altura, foi poss\u00edvel determinar que foram partilhados conte\u00fados il\u00edcitos daquela natureza, atrav\u00e9s de acessos com origem em Portugal, vindo posteriormente a apurar-se na investiga\u00e7\u00e3o terem sido da responsabilidade do suspeito.<\/p>\n<p>Na sequ\u00eancia da realiza\u00e7\u00e3o de dilig\u00eancias de obten\u00e7\u00e3o de prova, foi poss\u00edvel detetar na sua posse in\u00fameros ficheiros contendo material pornogr\u00e1fico envolvendo menores, pelo que o mesmo foi detido em flagrante delito.<\/p>\n<p><a target=\"_blank\" href=\"https:\/\/pplware.sapo.pt\/wp-content\/uploads\/2025\/08\/pornografia_moderador01.webp\" rel=\"nofollow noopener\"><img loading=\"lazy\" decoding=\"async\" src=\"https:\/\/www.europesays.com\/pt\/wp-content\/uploads\/2025\/08\/pornografia_moderador01-720x405.webp.webp\" alt=\"Homem de 20 anos detido pela PJ por pornografia de menores\" width=\"720\" height=\"405\" class=\"aligncenter wp-image-1071316 size-medium\"  \/><\/a><\/p>\n<p>Presente a primeiro interrogat\u00f3rio judicial, foram-lhe aplicadas as medidas de coa\u00e7\u00e3o de apresenta\u00e7\u00f5es peri\u00f3dicas \u00e0s autoridades e de proibi\u00e7\u00e3o de acesso \u00e0 internet.<\/p>\n<p>Em Portugal, a pornografia de menores \u00e9 um crime grave previsto e punido pelo C\u00f3digo Penal, nomeadamente no artigo 176.\u00ba (\u201cAbuso sexual de crian\u00e7as \u2014 pornografia de menores\u201d).<\/p>\n<p>Artigo 176.\u00ba \u2014 Pornografia de menores (resumo legal)<\/p>\n<p><strong>#1 &#8211; Quem utilizar um menor<\/strong> (pessoa com menos de 18 anos) em:<\/p>\n<ul>\n<li>espet\u00e1culos pornogr\u00e1ficos,<\/li>\n<li>produ\u00e7\u00f5es pornogr\u00e1ficas (fotografia, v\u00eddeo, som, etc.), ou<\/li>\n<li>para fins de natureza sexual simulada ou expl\u00edcita,<\/li>\n<\/ul>\n<p>\u00e9 punido com pris\u00e3o de 1 a 8 anos.<\/p>\n<p><strong>#2 &#8211; Quem produzir, distribuir, difundir, importar, exportar, oferecer, ceder, adquirir ou detiver materiais pornogr\u00e1ficos<\/strong> que representem menores, mesmo de forma simulada ou realista, \u00e9 punido com pris\u00e3o de 1 a 5 anos.<\/p>\n<p><strong>#3<\/strong> &#8211; Se o menor tiver menos de 14 anos, a pena \u00e9 agravada.<\/p>\n<p><strong>#4 &#8211; Tamb\u00e9m \u00e9 crime<\/strong><\/p>\n<ul>\n<li>Aceder conscientemente (por exemplo, atrav\u00e9s da internet) a conte\u00fados de pornografia infantil.<\/li>\n<li>Assistir a espet\u00e1culos pornogr\u00e1ficos com menores.<\/li>\n<\/ul>\n<p>#5 &#8211; Mesmo que o material seja gerado por computador (ex.: deepfake, anima\u00e7\u00e3o, etc.), \u00e9 considerado crime se parecer representar um menor.<\/p>\n","protected":false},"excerpt":{"rendered":"A Pol\u00edcia Judici\u00e1ria, atrav\u00e9s da Diretoria do Norte, identificou e deteve, ontem, em Matosinhos, um homem de 20&hellip;\n","protected":false},"author":2,"featured_media":37568,"comment_status":"","ping_status":"","sticky":false,"template":"","format":"standard","meta":{"footnotes":""},"categories":[10],"tags":[27,28,15,16,14,25,26,21,22,12,13,19,20,25467,32,23,24,33,17,18,29,30,31],"class_list":{"0":"post-106130","1":"post","2":"type-post","3":"status-publish","4":"format-standard","5":"has-post-thumbnail","7":"category-portugal","8":"tag-breaking-news","9":"tag-breakingnews","10":"tag-featured-news","11":"tag-featurednews","12":"tag-headlines","13":"tag-latest-news","14":"tag-latestnews","15":"tag-main-news","16":"tag-mainnews","17":"tag-news","18":"tag-noticias","19":"tag-noticias-principais","20":"tag-noticiasprincipais","21":"tag-pornografia-de-menores","22":"tag-portugal","23":"tag-principais-noticias","24":"tag-principaisnoticias","25":"tag-pt","26":"tag-top-stories","27":"tag-topstories","28":"tag-ultimas","29":"tag-ultimas-noticias","30":"tag-ultimasnoticias"},"share_on_mastodon":{"url":"","error":""},"_links":{"self":[{"href":"https:\/\/www.europesays.com\/pt\/wp-json\/wp\/v2\/posts\/106130","targetHints":{"allow":["GET"]}}],"collection":[{"href":"https:\/\/www.europesays.com\/pt\/wp-json\/wp\/v2\/posts"}],"about":[{"href":"https:\/\/www.europesays.com\/pt\/wp-json\/wp\/v2\/types\/post"}],"author":[{"embeddable":true,"href":"https:\/\/www.europesays.com\/pt\/wp-json\/wp\/v2\/users\/2"}],"replies":[{"embeddable":true,"href":"https:\/\/www.europesays.com\/pt\/wp-json\/wp\/v2\/comments?post=106130"}],"version-history":[{"count":0,"href":"https:\/\/www.europesays.com\/pt\/wp-json\/wp\/v2\/posts\/106130\/revisions"}],"wp:featuredmedia":[{"embeddable":true,"href":"https:\/\/www.europesays.com\/pt\/wp-json\/wp\/v2\/media\/37568"}],"wp:attachment":[{"href":"https:\/\/www.europesays.com\/pt\/wp-json\/wp\/v2\/media?parent=106130"}],"wp:term":[{"taxonomy":"category","embeddable":true,"href":"https:\/\/www.europesays.com\/pt\/wp-json\/wp\/v2\/categories?post=106130"},{"taxonomy":"post_tag","embeddable":true,"href":"https:\/\/www.europesays.com\/pt\/wp-json\/wp\/v2\/tags?post=106130"}],"curies":[{"name":"wp","href":"https:\/\/api.w.org\/{rel}","templated":true}]}}