{"id":106131,"date":"2025-10-11T09:43:33","date_gmt":"2025-10-11T09:43:33","guid":{"rendered":"https:\/\/www.europesays.com\/pt\/106131\/"},"modified":"2025-10-11T09:43:33","modified_gmt":"2025-10-11T09:43:33","slug":"bruna-biancardi-recebe-elogio-de-mae-de-ze-felipe-apos-detonar-vi","status":"publish","type":"post","link":"https:\/\/www.europesays.com\/pt\/106131\/","title":{"rendered":"Bruna Biancardi recebe elogio de m\u00e3e de Z\u00e9 Felipe ap\u00f3s detonar Vi"},"content":{"rendered":"<p>Nesta sexta-feira (10), a influenciadora <a href=\"https:\/\/www.otempo.com.br\/entretenimento\/2025\/9\/23\/entenda-a-treta-virginia-fonseca-bruna-biancardi-e-neymar\" rel=\"nofollow noopener\" target=\"_blank\"><strong>Bruna Biancardi<\/strong><\/a>, de 31 anos, recebeu elogios de <a href=\"https:\/\/www.otempo.com.br\/entretenimento\/2025\/9\/23\/esposa-de-jogador-defende-bruna-biancardi-e-chama-virginia-fonseca-de-maria-chuteira\" rel=\"nofollow noopener\" target=\"_blank\"><strong>Poliana Rocha<\/strong><\/a> e <strong>Ana Castela<\/strong>. No fim de setembro, a esposa de <strong>Neymar<\/strong> havia causado pol\u00eamica ao criticar publicamente o comportamento de <strong>Virginia Fonseca<\/strong>, ex-nora de Poliana Rocha.<\/p>\n<p>Em uma nova publica\u00e7\u00e3o de Biancardi, a m\u00e3e de <strong>Z\u00e9 Felipe<\/strong> deixou um elogio de &#8220;linda&#8221; para a influenciadora. J\u00e1 Ana Castela, apontada como a atual namorada de <strong>Z\u00e9 Felipe<\/strong>, tamb\u00e9m deixou elogios para a companheira de Neymar.\u00a0<\/p>\n<p>No final de setembro, <strong>Bruna Biancardi<\/strong> disse que<strong> Virginia<\/strong> &#8220;n\u00e3o tem postura nem educa\u00e7\u00e3o&#8221;. A esposa de Neymar tamb\u00e9m afirmou que Virginia Fonseca j\u00e1 a desrespeitou dentro de sua pr\u00f3pria casa.<\/p>\n<p>&#8220;N\u00e3o foi uma situa\u00e7\u00e3o isolada. Ela j\u00e1 demonstrou n\u00e3o ter postura e educa\u00e7\u00e3o comigo, dentro da minha casa, inclusive \u2014 bem diferente da pessoa que ela mostra ser na internet. Sobre a liga\u00e7\u00e3o: ela sabe que n\u00e3o foi assim. Voc\u00eas dois podiam tirar o meu nome da boca e n\u00e3o mencionar mais a mim e \u00e0 minha fam\u00edlia&#8221;, escreveu <strong>Bruna Biancardi <\/strong>em seu desabafo.<\/p>\n<p>\u00a0<\/p>\n<blockquote class=\"instagram-media\" style=\"background: #FFF; border: 0; border-radius: 3px; box-shadow: 0 0 1px 0 rgba(0,0,0,0.5),0 1px 10px 0 rgba(0,0,0,0.15); margin: 1px; max-width: 540px; min-width: 326px; padding: 0; width: calc(100% - 2px);\" data-instgrm-captioned=\"\" data-instgrm-permalink=\"https:\/\/www.instagram.com\/p\/DPm1G6ODv2E\/?utm_source=ig_embed&amp;utm_campaign=loading\" data-instgrm-version=\"14\"><p>&#13;<br \/>\n&#13;\n<\/p><\/blockquote>\n<p>            <script async src=\"\/\/www.instagram.com\/embed.js\"><\/script><\/p>\n","protected":false},"excerpt":{"rendered":"Nesta sexta-feira (10), a influenciadora Bruna Biancardi, de 31 anos, recebeu elogios de Poliana Rocha e Ana Castela.&hellip;\n","protected":false},"author":2,"featured_media":106132,"comment_status":"","ping_status":"","sticky":false,"template":"","format":"standard","meta":{"footnotes":""},"categories":[145],"tags":[4290,211,210,114,115,5548,32,33,1446],"class_list":{"0":"post-106131","1":"post","2":"type-post","3":"status-publish","4":"format-standard","5":"has-post-thumbnail","7":"category-celebridades","8":"tag-bruna-biancardi","9":"tag-celebridades","10":"tag-celebrities","11":"tag-entertainment","12":"tag-entretenimento","13":"tag-poliana-rocha","14":"tag-portugal","15":"tag-pt","16":"tag-virginia-fonseca"},"share_on_mastodon":{"url":"","error":""},"_links":{"self":[{"href":"https:\/\/www.europesays.com\/pt\/wp-json\/wp\/v2\/posts\/106131","targetHints":{"allow":["GET"]}}],"collection":[{"href":"https:\/\/www.europesays.com\/pt\/wp-json\/wp\/v2\/posts"}],"about":[{"href":"https:\/\/www.europesays.com\/pt\/wp-json\/wp\/v2\/types\/post"}],"author":[{"embeddable":true,"href":"https:\/\/www.europesays.com\/pt\/wp-json\/wp\/v2\/users\/2"}],"replies":[{"embeddable":true,"href":"https:\/\/www.europesays.com\/pt\/wp-json\/wp\/v2\/comments?post=106131"}],"version-history":[{"count":0,"href":"https:\/\/www.europesays.com\/pt\/wp-json\/wp\/v2\/posts\/106131\/revisions"}],"wp:featuredmedia":[{"embeddable":true,"href":"https:\/\/www.europesays.com\/pt\/wp-json\/wp\/v2\/media\/106132"}],"wp:attachment":[{"href":"https:\/\/www.europesays.com\/pt\/wp-json\/wp\/v2\/media?parent=106131"}],"wp:term":[{"taxonomy":"category","embeddable":true,"href":"https:\/\/www.europesays.com\/pt\/wp-json\/wp\/v2\/categories?post=106131"},{"taxonomy":"post_tag","embeddable":true,"href":"https:\/\/www.europesays.com\/pt\/wp-json\/wp\/v2\/tags?post=106131"}],"curies":[{"name":"wp","href":"https:\/\/api.w.org\/{rel}","templated":true}]}}