{"id":106133,"date":"2025-10-11T09:45:38","date_gmt":"2025-10-11T09:45:38","guid":{"rendered":"https:\/\/www.europesays.com\/pt\/106133\/"},"modified":"2025-10-11T09:45:38","modified_gmt":"2025-10-11T09:45:38","slug":"apresentacao-do-livro-os-olhos-da-margarida-livros","status":"publish","type":"post","link":"https:\/\/www.europesays.com\/pt\/106133\/","title":{"rendered":"Apresenta\u00e7\u00e3o do Livro &#8220;Os olhos da Margarida&#8221; &#8211; Livros"},"content":{"rendered":"<p style=\"text-align: justify; \">Jos\u00e9 Il\u00eddio Torres nasceu em 1967, em Barcelinhos, Barcelos. \u00c9 professor, escritor e cronista, com um percurso marcado pela liga\u00e7\u00e3o \u00e0 literatura, \u00e0 educa\u00e7\u00e3o, \u00e0 pol\u00edtica e ao associativismo. Ao longo de 18 anos, tem publicado diversas obras que v\u00e3o da poesia ao conto e ao romance, explorando temas ligados \u00e0 cultura local, \u00e0s rela\u00e7\u00f5es humanas e ao sentido mais profundo da vida. Sempre com uma vis\u00e3o humanista, aqui e acol\u00e1 sat\u00edrica e acutilante, tanto como serena e filos\u00f3fica.<\/p>\n<p style=\"text-align: justify;\">Desde o seu primeiro livro publicado em 2007, &#8220;A tristeza matou os peixes que nadavam nos teus olhos&#8221; (poesia), at\u00e9 \u00e0 atualidade, o autor fez incurs\u00f5es em g\u00e9neros variados, como a poesia, o conto, a cr\u00f3nica e o romance. Pelo meio alguns livros infantis.<\/p>\n<p style=\"text-align: justify;\">H\u00e1, no entanto, uma viragem na sua obra ap\u00f3s escrever uma autobiografia em 2023 intitulada &#8220;Cancro meu amor&#8221;.<\/p>\n<p style=\"text-align: justify;\">A experi\u00eancia de passar por uma doen\u00e7a grave, fez Jos\u00e9 Il\u00eddio Torres olhar o mundo e a escrita de outra forma.<\/p>\n<p style=\"text-align: justify;\">Os livros seguintes, de 2024 e 2025, respetivamente &#8220;O filho do vento&#8221; e &#8220;Os olhos de Margarida&#8221; representam um olhar novo sobre a vida, no formato de conto longo, onde a simplicidade e o belo se conjugam com a fant\u00e1stica ilustra\u00e7\u00e3o de Diogo Figueiredo, que j\u00e1 tinha trabalhado com o autor num livro de 2021, &#8221; A preto e brando&#8221;, de certa forma premonit\u00f3rio desta mudan\u00e7a de paradigma<\/p>\n<p style=\"text-align: justify;\">Para 2026 est\u00e1 j\u00e1 a ser trabalhado o \u00faltimo trabalho desta trilogia de contos.\u00a0<\/p>\n","protected":false},"excerpt":{"rendered":"Jos\u00e9 Il\u00eddio Torres nasceu em 1967, em Barcelinhos, Barcelos. \u00c9 professor, escritor e cronista, com um percurso marcado&hellip;\n","protected":false},"author":2,"featured_media":106134,"comment_status":"","ping_status":"","sticky":false,"template":"","format":"standard","meta":{"footnotes":""},"categories":[143],"tags":[169,114,115,170,32,33],"class_list":{"0":"post-106133","1":"post","2":"type-post","3":"status-publish","4":"format-standard","5":"has-post-thumbnail","7":"category-livros","8":"tag-books","9":"tag-entertainment","10":"tag-entretenimento","11":"tag-livros","12":"tag-portugal","13":"tag-pt"},"share_on_mastodon":{"url":"","error":""},"_links":{"self":[{"href":"https:\/\/www.europesays.com\/pt\/wp-json\/wp\/v2\/posts\/106133","targetHints":{"allow":["GET"]}}],"collection":[{"href":"https:\/\/www.europesays.com\/pt\/wp-json\/wp\/v2\/posts"}],"about":[{"href":"https:\/\/www.europesays.com\/pt\/wp-json\/wp\/v2\/types\/post"}],"author":[{"embeddable":true,"href":"https:\/\/www.europesays.com\/pt\/wp-json\/wp\/v2\/users\/2"}],"replies":[{"embeddable":true,"href":"https:\/\/www.europesays.com\/pt\/wp-json\/wp\/v2\/comments?post=106133"}],"version-history":[{"count":0,"href":"https:\/\/www.europesays.com\/pt\/wp-json\/wp\/v2\/posts\/106133\/revisions"}],"wp:featuredmedia":[{"embeddable":true,"href":"https:\/\/www.europesays.com\/pt\/wp-json\/wp\/v2\/media\/106134"}],"wp:attachment":[{"href":"https:\/\/www.europesays.com\/pt\/wp-json\/wp\/v2\/media?parent=106133"}],"wp:term":[{"taxonomy":"category","embeddable":true,"href":"https:\/\/www.europesays.com\/pt\/wp-json\/wp\/v2\/categories?post=106133"},{"taxonomy":"post_tag","embeddable":true,"href":"https:\/\/www.europesays.com\/pt\/wp-json\/wp\/v2\/tags?post=106133"}],"curies":[{"name":"wp","href":"https:\/\/api.w.org\/{rel}","templated":true}]}}