{"id":106135,"date":"2025-10-11T09:46:09","date_gmt":"2025-10-11T09:46:09","guid":{"rendered":"https:\/\/www.europesays.com\/pt\/106135\/"},"modified":"2025-10-11T09:46:09","modified_gmt":"2025-10-11T09:46:09","slug":"mexerico-polemico-dylan-diz-que-marisa-susana-vive-de-mentirinhas-e-colegas-concordam-secret-story","status":"publish","type":"post","link":"https:\/\/www.europesays.com\/pt\/106135\/","title":{"rendered":"Mexerico pol\u00e9mico: Dylan diz que Marisa Susana \u201cvive de mentirinhas\u201d e colegas concordam &#8211; Secret Story"},"content":{"rendered":"<p>No Secret Story 9, a din\u00e2mica dos mexericos voltou a gerar pol\u00e9mica. Um dos bilhetes dizia: \u00abA Marisa Susana pode acabar sozinha\u00bb, e o coment\u00e1rio deu que falar entre os colegas. Dylan justificou a frase afirmando que a concorrente \u201cvive de mentirinhas\u201d, opini\u00e3o partilhada por Joana e L\u00eddia, que concordaram com a avalia\u00e7\u00e3o. O ambiente aqueceu.<\/p>\n<p><strong>Esta semana h\u00e1 6 concorrentes em risco. Vote para salvar:\u00a0<\/strong><\/p>\n<p><strong>ANA &#8211; 761 20 20 01<br \/>ANA CRISTINA &#8211; 761 20 20 02<br \/>DYLAN &#8211; 761 20 20 07<br \/>F\u00c1BIO &#8211; 761 20 20 08<br \/>LEANDRO &#8211; 761 20 20 12<br \/>L\u00cdDIA &#8211; 761 20 20 13<\/strong><\/p>\n<p><a href=\"https:\/\/tvi.iol.pt\/secretstory\/aominuto\" wbo-id=\"32\" rel=\"nofollow noopener\" target=\"_blank\">Acompanhe aqui tudo o que se passa na casa mais vigiada do pa\u00eds!<\/a><\/p>\n<p>\u00a0<\/p>\n","protected":false},"excerpt":{"rendered":"No Secret Story 9, a din\u00e2mica dos mexericos voltou a gerar pol\u00e9mica. Um dos bilhetes dizia: \u00abA Marisa&hellip;\n","protected":false},"author":2,"featured_media":106136,"comment_status":"","ping_status":"","sticky":false,"template":"","format":"standard","meta":{"footnotes":""},"categories":[142],"tags":[19105,114,115,19033,19184,19034,32,33,151,19032],"class_list":{"0":"post-106135","1":"post","2":"type-post","3":"status-publish","4":"format-standard","5":"has-post-thumbnail","7":"category-tv","8":"tag-dylan","9":"tag-entertainment","10":"tag-entretenimento","11":"tag-galas-em-video","12":"tag-marisa","13":"tag-melhores-momentos-casa-dos-segredos","14":"tag-portugal","15":"tag-pt","16":"tag-tv","17":"tag-videos-secret-story-tvi"},"share_on_mastodon":{"url":"","error":""},"_links":{"self":[{"href":"https:\/\/www.europesays.com\/pt\/wp-json\/wp\/v2\/posts\/106135","targetHints":{"allow":["GET"]}}],"collection":[{"href":"https:\/\/www.europesays.com\/pt\/wp-json\/wp\/v2\/posts"}],"about":[{"href":"https:\/\/www.europesays.com\/pt\/wp-json\/wp\/v2\/types\/post"}],"author":[{"embeddable":true,"href":"https:\/\/www.europesays.com\/pt\/wp-json\/wp\/v2\/users\/2"}],"replies":[{"embeddable":true,"href":"https:\/\/www.europesays.com\/pt\/wp-json\/wp\/v2\/comments?post=106135"}],"version-history":[{"count":0,"href":"https:\/\/www.europesays.com\/pt\/wp-json\/wp\/v2\/posts\/106135\/revisions"}],"wp:featuredmedia":[{"embeddable":true,"href":"https:\/\/www.europesays.com\/pt\/wp-json\/wp\/v2\/media\/106136"}],"wp:attachment":[{"href":"https:\/\/www.europesays.com\/pt\/wp-json\/wp\/v2\/media?parent=106135"}],"wp:term":[{"taxonomy":"category","embeddable":true,"href":"https:\/\/www.europesays.com\/pt\/wp-json\/wp\/v2\/categories?post=106135"},{"taxonomy":"post_tag","embeddable":true,"href":"https:\/\/www.europesays.com\/pt\/wp-json\/wp\/v2\/tags?post=106135"}],"curies":[{"name":"wp","href":"https:\/\/api.w.org\/{rel}","templated":true}]}}