{"id":10614,"date":"2025-07-31T19:38:12","date_gmt":"2025-07-31T19:38:12","guid":{"rendered":"https:\/\/www.europesays.com\/pt\/10614\/"},"modified":"2025-07-31T19:38:12","modified_gmt":"2025-07-31T19:38:12","slug":"favela-vive-6-define-convidados-e-une-de-vez-rap-com-soul-e-funk","status":"publish","type":"post","link":"https:\/\/www.europesays.com\/pt\/10614\/","title":{"rendered":"Favela Vive 6 define convidados e une de vez rap com soul e funk"},"content":{"rendered":"<p>Rap, soul e funk<\/p>\n<p>O grande nome desta edi\u00e7\u00e3o \u00e9 Sandra\u00a0S\u00e1, exaltada como a rainha brasileira do soul. Sandra conquistou o Pa\u00eds com sua mistura de samba, MPB, black music e letras repletas de consci\u00eancia social.<\/p>\n<p>\u201cSandra \u00e9 uma das maiores refer\u00eancias da cultura preta no nosso pa\u00eds e da luta por direitos. Conseguimos uma constru\u00e7\u00e3o muito interessante nessa faixa, <a href=\"https:\/\/www.gazetasp.com.br\/entretenimento\/dexter-revela-como-rap-mudou-sua-vida\/1155476\/\" rel=\"nofollow noopener\" target=\"_blank\">unindo artistas com longa trajet\u00f3ria, como ela e o Dexter<\/a>, com representantes da nova gera\u00e7\u00e3o, como o Borges e a Carol\u201d, contou Lord.<\/p>\n<p>Para Ian Bueno, diretor da Symphonic Brasil, o projeto carrega uma importante mensagem para toda sociedade, mantendo viva a ess\u00eancia primordial do hip-hop.<\/p>\n","protected":false},"excerpt":{"rendered":"Rap, soul e funk O grande nome desta edi\u00e7\u00e3o \u00e9 Sandra\u00a0S\u00e1, exaltada como a rainha brasileira do soul.&hellip;\n","protected":false},"author":2,"featured_media":10615,"comment_status":"","ping_status":"","sticky":false,"template":"","format":"standard","meta":{"footnotes":""},"categories":[141],"tags":[315,114,115,149,150,32,33],"class_list":{"0":"post-10614","1":"post","2":"type-post","3":"status-publish","4":"format-standard","5":"has-post-thumbnail","7":"category-musica","8":"tag-cultura","9":"tag-entertainment","10":"tag-entretenimento","11":"tag-music","12":"tag-musica","13":"tag-portugal","14":"tag-pt"},"share_on_mastodon":{"url":"","error":""},"_links":{"self":[{"href":"https:\/\/www.europesays.com\/pt\/wp-json\/wp\/v2\/posts\/10614","targetHints":{"allow":["GET"]}}],"collection":[{"href":"https:\/\/www.europesays.com\/pt\/wp-json\/wp\/v2\/posts"}],"about":[{"href":"https:\/\/www.europesays.com\/pt\/wp-json\/wp\/v2\/types\/post"}],"author":[{"embeddable":true,"href":"https:\/\/www.europesays.com\/pt\/wp-json\/wp\/v2\/users\/2"}],"replies":[{"embeddable":true,"href":"https:\/\/www.europesays.com\/pt\/wp-json\/wp\/v2\/comments?post=10614"}],"version-history":[{"count":0,"href":"https:\/\/www.europesays.com\/pt\/wp-json\/wp\/v2\/posts\/10614\/revisions"}],"wp:featuredmedia":[{"embeddable":true,"href":"https:\/\/www.europesays.com\/pt\/wp-json\/wp\/v2\/media\/10615"}],"wp:attachment":[{"href":"https:\/\/www.europesays.com\/pt\/wp-json\/wp\/v2\/media?parent=10614"}],"wp:term":[{"taxonomy":"category","embeddable":true,"href":"https:\/\/www.europesays.com\/pt\/wp-json\/wp\/v2\/categories?post=10614"},{"taxonomy":"post_tag","embeddable":true,"href":"https:\/\/www.europesays.com\/pt\/wp-json\/wp\/v2\/tags?post=10614"}],"curies":[{"name":"wp","href":"https:\/\/api.w.org\/{rel}","templated":true}]}}