{"id":106157,"date":"2025-10-11T10:03:08","date_gmt":"2025-10-11T10:03:08","guid":{"rendered":"https:\/\/www.europesays.com\/pt\/106157\/"},"modified":"2025-10-11T10:03:08","modified_gmt":"2025-10-11T10:03:08","slug":"humberto-coelho-na-lista-todos-os-nomes-da-candidatura-de-rui-costa","status":"publish","type":"post","link":"https:\/\/www.europesays.com\/pt\/106157\/","title":{"rendered":"Humberto Coelho na lista: todos os nomes da candidatura de Rui Costa"},"content":{"rendered":"<p>Rui Costa, atual presidente do Benfica e candidato \u00e0s elei\u00e7\u00f5es marcadas para 25 de outubro, apresentou na tarde desta sexta-feira a a sua candidatura aos \u00d3rg\u00e3os Sociais e \u00e0 Comiss\u00e3o de Remunera\u00e7\u00f5es do Benfica.<\/p>\n<p>Sob o lema \u201cS\u00f3 o Benfica Importa\u00bb, Rui Costa conta com Humberto Coelho como novidade de destaque entre os oito vice-presidentes \u00e0 dire\u00e7\u00e3o.<\/p>\n<p>\u00abA candidatura surge com uma equipa composta por nomes que refletem experi\u00eancia, dedica\u00e7\u00e3o e um profundo compromisso com os valores benfiquistas. Uma equipa focada no futuro e preparada para garantir que o Benfica continue a ser um exemplo de rigor, transpar\u00eancia e sucesso dentro e fora das quatro linhas\u00bb, pode ler-se, na nota da entrega da candidatura, cujo prazo terminava esta sexta-feira.<\/p>\n<p>Rui Costa concorre com Jo\u00e3o Noronha Lopes, Jo\u00e3o Diogo Manteigas, Crist\u00f3v\u00e3o Carvalho, Martim Mayer e Lu\u00eds Filipe Vieira \u00e0 presid\u00eancia da dire\u00e7\u00e3o.<\/p>\n<p><strong>MESA DA ASSEMBLEIA GERAL<\/strong><br \/>Presidente: JOS\u00c9 PEREIRA DA COSTA<br \/>Vice-Presidente: RODOLFO MASCARENHAS LAVRADOR<br \/>1\u00ba Secret\u00e1rio: RITA CUNHA LEAL<br \/>2\u00ba Secret\u00e1rio: MIGUEL VASCONCELOS FERREIRA<br \/>3\u00ba Secret\u00e1rio: ANA RITA HENRIQUES<\/p>\n<p><strong>CONSELHO FISCAL<\/strong><br \/>Presidente: RAUL FERNANDO MARTINS<br \/>Vice-Presidente: JO\u00c3O CORDEIRO AUGUSTO<br \/>Vogal: ANT\u00d3NIO MENDES BARREIRA<br \/>Vogal: MANUEL SIM\u00d5ES AGRIA<br \/>Vogal: RUI MENDON\u00c7A RODRIGUES\u00a0<\/p>\n<p><strong>DIRE\u00c7\u00c3O<\/strong><br \/>Presidente: RUI COSTA<br \/>Vice-Presidente: NUNO CATARINO\u00a0<br \/>Vice-Presidente: HUMBERTO COELHO<br \/>Vice-Presidente: DOMINGOS D&#8217;ALMEIDA LIMA<br \/>Vice-Presidente: MANUEL HENRIQUES DE BRITO<br \/>Vice-Presidente: JOS\u00c9 FRANCISCO GANDAREZ<br \/>Vice-Presidente: TOM\u00c1S BARROSO<br \/>Vice-Presidente: M\u00d3NICA SABROSA\u00a0<br \/>Vice-Presidente: JOS\u00c9 MARTINEZ TABOADA<\/p>\n<p><strong>COMISS\u00c3O DE REMUNERA\u00c7\u00d5ES<\/strong><br \/>Presidente: EDUARDO STOCK DA CUNHA<br \/>Vice-Presidente: CARLOS ALBUQUERQUE<br \/>1\u00ba Secret\u00e1rio: JOS\u00c9 LEVY AIRES<br \/>2\u00ba Secret\u00e1rio: JOS\u00c9 MANUEL APPLETON<br \/>3\u00ba Secret\u00e1rio: RUTE SANTA MARTA<\/p>\n","protected":false},"excerpt":{"rendered":"Rui Costa, atual presidente do Benfica e candidato \u00e0s elei\u00e7\u00f5es marcadas para 25 de outubro, apresentou na tarde&hellip;\n","protected":false},"author":2,"featured_media":106158,"comment_status":"","ping_status":"","sticky":false,"template":"","format":"standard","meta":{"footnotes":""},"categories":[87],"tags":[51,25470,25471,135,11568,46,32,33,47,6058,134],"class_list":{"0":"post-106157","1":"post","2":"type-post","3":"status-publish","4":"format-standard","5":"has-post-thumbnail","7":"category-desporto","8":"tag-benfica","9":"tag-candidatura-rui-costa","10":"tag-comissao-de-remuneracoes","11":"tag-desporto","12":"tag-eleicoes-benfica","13":"tag-maisfutebol","14":"tag-portugal","15":"tag-pt","16":"tag-pura-paixao","17":"tag-rui-costa","18":"tag-sports"},"share_on_mastodon":{"url":"","error":""},"_links":{"self":[{"href":"https:\/\/www.europesays.com\/pt\/wp-json\/wp\/v2\/posts\/106157","targetHints":{"allow":["GET"]}}],"collection":[{"href":"https:\/\/www.europesays.com\/pt\/wp-json\/wp\/v2\/posts"}],"about":[{"href":"https:\/\/www.europesays.com\/pt\/wp-json\/wp\/v2\/types\/post"}],"author":[{"embeddable":true,"href":"https:\/\/www.europesays.com\/pt\/wp-json\/wp\/v2\/users\/2"}],"replies":[{"embeddable":true,"href":"https:\/\/www.europesays.com\/pt\/wp-json\/wp\/v2\/comments?post=106157"}],"version-history":[{"count":0,"href":"https:\/\/www.europesays.com\/pt\/wp-json\/wp\/v2\/posts\/106157\/revisions"}],"wp:featuredmedia":[{"embeddable":true,"href":"https:\/\/www.europesays.com\/pt\/wp-json\/wp\/v2\/media\/106158"}],"wp:attachment":[{"href":"https:\/\/www.europesays.com\/pt\/wp-json\/wp\/v2\/media?parent=106157"}],"wp:term":[{"taxonomy":"category","embeddable":true,"href":"https:\/\/www.europesays.com\/pt\/wp-json\/wp\/v2\/categories?post=106157"},{"taxonomy":"post_tag","embeddable":true,"href":"https:\/\/www.europesays.com\/pt\/wp-json\/wp\/v2\/tags?post=106157"}],"curies":[{"name":"wp","href":"https:\/\/api.w.org\/{rel}","templated":true}]}}