{"id":106159,"date":"2025-10-11T10:04:13","date_gmt":"2025-10-11T10:04:13","guid":{"rendered":"https:\/\/www.europesays.com\/pt\/106159\/"},"modified":"2025-10-11T10:04:13","modified_gmt":"2025-10-11T10:04:13","slug":"adocante-natural-pode-ajudar-no-tratamento-da-calvicie","status":"publish","type":"post","link":"https:\/\/www.europesays.com\/pt\/106159\/","title":{"rendered":"Ado\u00e7ante natural pode ajudar no tratamento da calv\u00edcie"},"content":{"rendered":"<p class=\"wp-caption-text top\"><a href=\"https:\/\/www.freepik.com\/free-photo\/man-getting-hair-loss-treatment_19966355.htm#fromView=search&amp;page=1&amp;position=40&amp;uuid=42ffed3a-525f-4af9-9818-79720756363f\" rel=\"nofollow external noopener noreferrer\" data-wpel-link=\"external\" target=\"_blank\" class=\"ext-link\">Freepik<\/a><\/p>\n<p><img decoding=\"async\" loading=\"lazy\" class=\"size-kopa-image-size-3 wp-image-629254\" src=\"https:\/\/www.europesays.com\/pt\/wp-content\/uploads\/2025\/10\/a6fbf484c743d9d64153448b5491049c-783x450.jpg\" alt=\"\" width=\"700\" height=\"402\"  \/><\/p>\n<p><strong>Ado\u00e7ante natural pode ser aplicado em agulhas usadas no tratamento para queda de cabelo, sugere novo estudo.<\/strong><\/p>\n<p>A <strong>stevia<\/strong> \u2013 o ado\u00e7ante natural \u2013 pode ajudar a refor\u00e7ar o tratamento da alop\u00e9cia androgen\u00e9tica, mais conhecida como queda de cabelo.<\/p>\n<p>Assim concluiu um novo <a href=\"https:\/\/advanced.onlinelibrary.wiley.com\/doi\/10.1002\/adhm.202503575?utm_campaign=publicity_wly&amp;utm_content=wrh_10_6_25&amp;utm_medium=email&amp;utm_source=muckrack&amp;utm_term=adhm\" data-wpel-link=\"external\" target=\"_blank\" rel=\"nofollow external noopener noreferrer\" class=\"ext-link\">estudo<\/a> publicado na Advanced Healthcare Materials este m\u00eas.<\/p>\n<p>O medicamento minoxidil \u2013 o princ\u00edpio ativo do Rogaine \u2013 \u00e9 o tratamento padr\u00e3o para este problema, mas h\u00e1 afinal um elemento natural que pode ajudar a que fa\u00e7a efeito de forma mais eficaz.<\/p>\n<p>Evid\u00eancias\u00a0 sugerem que o <strong>microneedling<\/strong> \u2013 um procedimento minimamente invasivo que utiliza agulhas finas para criar pequenos furos na camada superior da pele \u2013 pode estimular o crescimento do cabelo e aumentar a absor\u00e7\u00e3o do minoxidil.<\/p>\n<p>E o <strong>estevios\u00eddeo<\/strong>, um ado\u00e7ante natural derivado da planta Stevia, se usado como <strong>mecanismo de entrega dessas agulhas<\/strong>, pode mesmo tornar o tratamento mais eficaz.<\/p>\n<p>O estudo foi feito em ratos. Ap\u00f3s 35 dias, os ratinhos tratados com o adesivo dissol\u00favel apresentaram recrescimento capilar em mais de 67% da \u00e1rea de tratamento, comparado com apenas 25% no grupo controlo, onde os ratinhos receberam minoxidil padr\u00e3o.<\/p>\n<p>\u201cUsar estevios\u00eddeo para potenciar a entrega de minoxidil representa um passo promissor rumo a tratamentos mais eficazes e naturais para a queda de cabelo, podendo beneficiar milh\u00f5es de pessoas em todo o mundo\u201d, afirmou o coautor do estudo, Lifeng Kang, investigador da Universidade de Sydney, Austr\u00e1lia, \u00e0 <a href=\"https:\/\/www.iflscience.com\/natural-sweetener-stevia-could-help-bolster-common-hair-loss-treatment-81104\" data-wpel-link=\"external\" target=\"_blank\" rel=\"nofollow external noopener noreferrer\" class=\"ext-link\">IFLS<\/a>.<\/p>\n<p>O tratamento para a queda de cabelo pode estar mesmo na natureza. Este estudo vai ao encontro de <a href=\"https:\/\/zap.aeiou.pt\/cura-calvicie-acucar-natural-689066\" data-wpel-link=\"internal\" rel=\"nofollow noopener\" target=\"_blank\">outra investiga\u00e7\u00e3o<\/a> efetuada este ver\u00e3o, que sugere que um gel feito de a\u00e7\u00facar natural pode mesmo ajudar no tratamento da calv\u00edcie.<\/p>\n<p>    <a href=\"https:\/\/zap.aeiou.pt\/subscrever-newsletter\" data-wpel-link=\"internal\" rel=\"nofollow noopener\" target=\"_blank\">&#13;<br \/>\n        <img loading=\"lazy\" decoding=\"async\" class=\"aligncenter size-full wp-image-575475\" src=\"https:\/\/www.europesays.com\/pt\/wp-content\/uploads\/2025\/10\/1759862234_971_2d51fe4a0ba54894421ead1809309ed9-1-450x140.jpg\" alt=\"Subscreva a Newsletter ZAP\" width=\"450\" height=\"140\"\/>&#13;<br \/>\n    <\/a><\/p>\n<p>                <a href=\"https:\/\/whatsapp.com\/channel\/0029VaIC4EE2f3EJZPPSbR34\" data-wpel-link=\"external\" target=\"_blank\" rel=\"nofollow external noopener noreferrer\" class=\"ext-link\">&#13;<br \/>\n                    <img loading=\"lazy\" decoding=\"async\" class=\"aligncenter size-full wp-image-575475\" src=\"https:\/\/www.europesays.com\/pt\/wp-content\/uploads\/2025\/10\/1759862234_512_c68c559d956d4ca20f435ed74a6e71e6.png\" alt=\"Siga-nos no WhatsApp\" width=\"175\" height=\"64\"\/>&#13;<br \/>\n                <\/a><\/p>\n<p>                <a href=\"https:\/\/news.google.com\/publications\/CAAiEHRwZondIV71PDjWNoqMduEqFAgKIhB0cGaJ3SFe9Tw41jaKjHbh?hl=en-US&amp;gl=US&amp;ceid=US%3Aen\" data-wpel-link=\"external\" target=\"_blank\" rel=\"nofollow external noopener noreferrer\" class=\"ext-link\">&#13;<br \/>\n                    <img loading=\"lazy\" decoding=\"async\" class=\"aligncenter size-full wp-image-575475\" src=\"https:\/\/www.europesays.com\/pt\/wp-content\/uploads\/2025\/10\/1759862235_242_5123dd8b087b644fdb8f8603acd1bad4.png\" alt=\"Siga-nos no Google News\" width=\"176\" height=\"64\"\/>&#13;<br \/>\n                <\/a><\/p>\n","protected":false},"excerpt":{"rendered":"Freepik Ado\u00e7ante natural pode ser aplicado em agulhas usadas no tratamento para queda de cabelo, sugere novo estudo.&hellip;\n","protected":false},"author":2,"featured_media":106160,"comment_status":"","ping_status":"","sticky":false,"template":"","format":"standard","meta":{"footnotes":""},"categories":[86],"tags":[2369,15585,4614,2217,116,32,33,117],"class_list":{"0":"post-106159","1":"post","2":"type-post","3":"status-publish","4":"format-standard","5":"has-post-thumbnail","7":"category-saude","8":"tag-alimentacao","9":"tag-anatomia","10":"tag-biologia","11":"tag-genetica","12":"tag-health","13":"tag-portugal","14":"tag-pt","15":"tag-saude"},"share_on_mastodon":{"url":"","error":""},"_links":{"self":[{"href":"https:\/\/www.europesays.com\/pt\/wp-json\/wp\/v2\/posts\/106159","targetHints":{"allow":["GET"]}}],"collection":[{"href":"https:\/\/www.europesays.com\/pt\/wp-json\/wp\/v2\/posts"}],"about":[{"href":"https:\/\/www.europesays.com\/pt\/wp-json\/wp\/v2\/types\/post"}],"author":[{"embeddable":true,"href":"https:\/\/www.europesays.com\/pt\/wp-json\/wp\/v2\/users\/2"}],"replies":[{"embeddable":true,"href":"https:\/\/www.europesays.com\/pt\/wp-json\/wp\/v2\/comments?post=106159"}],"version-history":[{"count":0,"href":"https:\/\/www.europesays.com\/pt\/wp-json\/wp\/v2\/posts\/106159\/revisions"}],"wp:featuredmedia":[{"embeddable":true,"href":"https:\/\/www.europesays.com\/pt\/wp-json\/wp\/v2\/media\/106160"}],"wp:attachment":[{"href":"https:\/\/www.europesays.com\/pt\/wp-json\/wp\/v2\/media?parent=106159"}],"wp:term":[{"taxonomy":"category","embeddable":true,"href":"https:\/\/www.europesays.com\/pt\/wp-json\/wp\/v2\/categories?post=106159"},{"taxonomy":"post_tag","embeddable":true,"href":"https:\/\/www.europesays.com\/pt\/wp-json\/wp\/v2\/tags?post=106159"}],"curies":[{"name":"wp","href":"https:\/\/api.w.org\/{rel}","templated":true}]}}