{"id":106163,"date":"2025-10-11T10:07:22","date_gmt":"2025-10-11T10:07:22","guid":{"rendered":"https:\/\/www.europesays.com\/pt\/106163\/"},"modified":"2025-10-11T10:07:22","modified_gmt":"2025-10-11T10:07:22","slug":"oe2026-combustiveis-vao-mesmo-subir-no-proximo-ano-por-causa-dos-impostos","status":"publish","type":"post","link":"https:\/\/www.europesays.com\/pt\/106163\/","title":{"rendered":"OE2026: combust\u00edveis v\u00e3o mesmo subir no pr\u00f3ximo ano por causa dos impostos"},"content":{"rendered":"<p class=\"category\"><a href=\"https:\/\/sicnoticias.pt\/especiais\/orcamento-do-estado\" rel=\"nofollow noopener\" target=\"_blank\">Or\u00e7amento do Estado<\/a><\/p>\n<p class=\"status custom noticia-sic\">Not\u00edcia SIC<\/p>\n<p class=\"g-article-lead lead\" data-field=\"lead\">As principais raz\u00f5es para esta subida ser\u00e3o o fim da isen\u00e7\u00e3o do ISP sobre os biocombust\u00edveis e o aumento da taxa de carbono.<\/p>\n<p><img decoding=\"async\" src=\"https:\/\/www.europesays.com\/pt\/wp-content\/uploads\/2025\/10\/1760177242_689_original.webp\" alt=\"OE2026: combust\u00edveis v\u00e3o mesmo subir no pr\u00f3ximo ano por causa dos impostos\"\/><\/p>\n<p><strong>Afinal, prepare-se: os combust\u00edveis v\u00e3o mesmo subir no pr\u00f3ximo ano por causa dos impostos. Em causa estar\u00e1 o fim da isen\u00e7\u00e3o do ISP sobre os biocombust\u00edveis e o aumento da taxa de carbono.<\/strong><\/p>\n<p>S\u00f3 no caso dos biocombust\u00edveis, a <strong>elimina\u00e7\u00e3o da isen\u00e7\u00e3o, decidida pelo Governo, vai dar mais 100 milh\u00f5es de euros aos cofres do Estado<\/strong>. Este n\u00famero est\u00e1 previsto no relat\u00f3rio das contas do Or\u00e7amento e nos quadros da receita.<\/p>\n<p>J\u00e1 o aumento da <strong>taxa de carbono \u00e9 decidido a n\u00edvel europeu e tem a ver com a cota\u00e7\u00e3o dos cr\u00e9ditos de carbono nos mercados financeiros<\/strong>.<\/p>\n<p>Fonte do sector dos combust\u00edveis explicou \u00e0 SIC que esta<strong> taxa vai subir dois c\u00eantimos na gasolina e outros dois no gas\u00f3leo a pagar pelos consumidores, receita que reverte para o Fisco<\/strong>.<\/p>\n<p>Estas subidas n\u00e3o t\u00eam a ver com a progressiva elimina\u00e7\u00e3o do desconto em ISP, que come\u00e7ou a ser aplicado no ano 2020 e que o Governo j\u00e1 disse que s\u00f3 vai aplicar quando o pre\u00e7o base dos combust\u00edveis descerem para amortizar o impacto.<\/p>\n<p>Mas o <strong>aumento da taxa de carbono e a elimina\u00e7\u00e3o da isen\u00e7\u00e3o sobre biocombust\u00edveis v\u00e3o mesmo acontecer a partir de dia 1 de janeiro de 2026.<\/strong><\/p>\n<p>Al\u00e9m disso, o Governo conta ainda com um aumento geral do consumo de combust\u00edveis l\u00edquidos no pa\u00eds.<\/p>\n<p>Tudo somado, o Estado vai arrecadar mais 190 milh\u00f5es de euros em ISP no ano que vem, mais 4,6% do que este ano, tal como est\u00e1 previsto no Or\u00e7amento do Estado.<\/p>\n","protected":false},"excerpt":{"rendered":"Or\u00e7amento do Estado Not\u00edcia SIC As principais raz\u00f5es para esta subida ser\u00e3o o fim da isen\u00e7\u00e3o do ISP&hellip;\n","protected":false},"author":2,"featured_media":106164,"comment_status":"","ping_status":"","sticky":false,"template":"","format":"standard","meta":{"footnotes":""},"categories":[83],"tags":[88,89,90,32,33],"class_list":{"0":"post-106163","1":"post","2":"type-post","3":"status-publish","4":"format-standard","5":"has-post-thumbnail","7":"category-empresas","8":"tag-business","9":"tag-economy","10":"tag-empresas","11":"tag-portugal","12":"tag-pt"},"share_on_mastodon":{"url":"","error":""},"_links":{"self":[{"href":"https:\/\/www.europesays.com\/pt\/wp-json\/wp\/v2\/posts\/106163","targetHints":{"allow":["GET"]}}],"collection":[{"href":"https:\/\/www.europesays.com\/pt\/wp-json\/wp\/v2\/posts"}],"about":[{"href":"https:\/\/www.europesays.com\/pt\/wp-json\/wp\/v2\/types\/post"}],"author":[{"embeddable":true,"href":"https:\/\/www.europesays.com\/pt\/wp-json\/wp\/v2\/users\/2"}],"replies":[{"embeddable":true,"href":"https:\/\/www.europesays.com\/pt\/wp-json\/wp\/v2\/comments?post=106163"}],"version-history":[{"count":0,"href":"https:\/\/www.europesays.com\/pt\/wp-json\/wp\/v2\/posts\/106163\/revisions"}],"wp:featuredmedia":[{"embeddable":true,"href":"https:\/\/www.europesays.com\/pt\/wp-json\/wp\/v2\/media\/106164"}],"wp:attachment":[{"href":"https:\/\/www.europesays.com\/pt\/wp-json\/wp\/v2\/media?parent=106163"}],"wp:term":[{"taxonomy":"category","embeddable":true,"href":"https:\/\/www.europesays.com\/pt\/wp-json\/wp\/v2\/categories?post=106163"},{"taxonomy":"post_tag","embeddable":true,"href":"https:\/\/www.europesays.com\/pt\/wp-json\/wp\/v2\/tags?post=106163"}],"curies":[{"name":"wp","href":"https:\/\/api.w.org\/{rel}","templated":true}]}}