{"id":106165,"date":"2025-10-11T10:09:49","date_gmt":"2025-10-11T10:09:49","guid":{"rendered":"https:\/\/www.europesays.com\/pt\/106165\/"},"modified":"2025-10-11T10:09:49","modified_gmt":"2025-10-11T10:09:49","slug":"so-e-um-voto-util-quando-votas-por-abril","status":"publish","type":"post","link":"https:\/\/www.europesays.com\/pt\/106165\/","title":{"rendered":"\u201cS\u00f3 \u00e9 um voto \u00fatil quando votas por Abril\u201d"},"content":{"rendered":"<p>O candidato da CDU \u00e0 C\u00e2mara de Lisboa, Jo\u00e3o Ferreira, teve direito a uma demonstra\u00e7\u00e3o de for\u00e7a dos militantes comunistas. Foram cerca de um milhar de vozes, no final da Rua Garrett, junto aos antigos Armaz\u00e9ns do Chiado, a entoar \u201cS\u00f3 \u00e9 um voto \u00fatil quando votas por Abril\u201d.<\/p>\n<p>Tendo a seu lado o secret\u00e1rio-geral do PCP, Paulo Raimundo, que se referiu aos candidatos e ao programa que apresentam como \u201cgente com provas dadas e que tem o melhor projeto para a cidade\u201d, Jo\u00e3o Ferreira tamb\u00e9m voltou a defender que a capital necessita de uma vit\u00f3ria da CDU. Para reverter o que foi feito nos quatro anos do mandato de Carlos Moedas, mas sem esquecer os 14 anos de governa\u00e7\u00e3o socialista que precederam o atual presidente da C\u00e2mara de Lisboa, respons\u00e1veis por \u201cmuitos dos problemas da cidade\u201d.<\/p>\n<p>Numa acusa\u00e7\u00e3o impl\u00edcita a Alexandra Leit\u00e3o, cabe\u00e7a de lista da Viver Lisboa, Jo\u00e3o Ferreira criticou quem \u201cbranqueia\u201d os erros da gest\u00e3o de Ant\u00f3nio Costa e Fernando Medina. Consigo, o atual vereador tinha outros autarcas do PCP e do PEV, e figuras como o antigo secretario-geral comunista Carlos Carvalhas, e a antiga respons\u00e1vel m\u00e1xima da CGTP, Isabel Camarinha.<\/p>\n<p>Na arruada da CDU estiveram tamb\u00e9m muitos jovens militantes e avistaram-se algumas bandeiras da Palestina. Mas sobretudo as bandeiras vermelhas, verdes e amarelas da coliga\u00e7\u00e3o que tem repetido n\u00e3o ser a Viver Lisboa, de Alexandra Leit\u00e3o, com o PS, Livre, Bloco de Esquerda e PAN, a \u00fanica que disputa o voto do eleitorado de esquerda. <\/p>\n","protected":false},"excerpt":{"rendered":"O candidato da CDU \u00e0 C\u00e2mara de Lisboa, Jo\u00e3o Ferreira, teve direito a uma demonstra\u00e7\u00e3o de for\u00e7a dos&hellip;\n","protected":false},"author":2,"featured_media":106166,"comment_status":"","ping_status":"","sticky":false,"template":"","format":"standard","meta":{"footnotes":""},"categories":[10],"tags":[2431,27,28,6827,4861,15,16,14,15995,25,26,21,22,12,13,19,20,32,23,24,33,17,18,29,30,31],"class_list":{"0":"post-106165","1":"post","2":"type-post","3":"status-publish","4":"format-standard","5":"has-post-thumbnail","7":"category-portugal","8":"tag-autarquicas-2025","9":"tag-breaking-news","10":"tag-breakingnews","11":"tag-camara-de-lisboa","12":"tag-cdu","13":"tag-featured-news","14":"tag-featurednews","15":"tag-headlines","16":"tag-joao-ferreira","17":"tag-latest-news","18":"tag-latestnews","19":"tag-main-news","20":"tag-mainnews","21":"tag-news","22":"tag-noticias","23":"tag-noticias-principais","24":"tag-noticiasprincipais","25":"tag-portugal","26":"tag-principais-noticias","27":"tag-principaisnoticias","28":"tag-pt","29":"tag-top-stories","30":"tag-topstories","31":"tag-ultimas","32":"tag-ultimas-noticias","33":"tag-ultimasnoticias"},"share_on_mastodon":{"url":"","error":""},"_links":{"self":[{"href":"https:\/\/www.europesays.com\/pt\/wp-json\/wp\/v2\/posts\/106165","targetHints":{"allow":["GET"]}}],"collection":[{"href":"https:\/\/www.europesays.com\/pt\/wp-json\/wp\/v2\/posts"}],"about":[{"href":"https:\/\/www.europesays.com\/pt\/wp-json\/wp\/v2\/types\/post"}],"author":[{"embeddable":true,"href":"https:\/\/www.europesays.com\/pt\/wp-json\/wp\/v2\/users\/2"}],"replies":[{"embeddable":true,"href":"https:\/\/www.europesays.com\/pt\/wp-json\/wp\/v2\/comments?post=106165"}],"version-history":[{"count":0,"href":"https:\/\/www.europesays.com\/pt\/wp-json\/wp\/v2\/posts\/106165\/revisions"}],"wp:featuredmedia":[{"embeddable":true,"href":"https:\/\/www.europesays.com\/pt\/wp-json\/wp\/v2\/media\/106166"}],"wp:attachment":[{"href":"https:\/\/www.europesays.com\/pt\/wp-json\/wp\/v2\/media?parent=106165"}],"wp:term":[{"taxonomy":"category","embeddable":true,"href":"https:\/\/www.europesays.com\/pt\/wp-json\/wp\/v2\/categories?post=106165"},{"taxonomy":"post_tag","embeddable":true,"href":"https:\/\/www.europesays.com\/pt\/wp-json\/wp\/v2\/tags?post=106165"}],"curies":[{"name":"wp","href":"https:\/\/api.w.org\/{rel}","templated":true}]}}