{"id":106167,"date":"2025-10-11T10:10:23","date_gmt":"2025-10-11T10:10:23","guid":{"rendered":"https:\/\/www.europesays.com\/pt\/106167\/"},"modified":"2025-10-11T10:10:23","modified_gmt":"2025-10-11T10:10:23","slug":"mortagua-acusa-governo-de-transformar-portugal-em-cumplice-direto-de-genocidio-montenegro-mentiu-ao-povo-portugues","status":"publish","type":"post","link":"https:\/\/www.europesays.com\/pt\/106167\/","title":{"rendered":"Mort\u00e1gua acusa Governo de transformar Portugal em &#8220;c\u00famplice direto&#8221; de genoc\u00eddio: Montenegro &#8220;mentiu ao povo portugu\u00eas&#8221;"},"content":{"rendered":"<p>A coordenadora do Bloco de Esquerda acusou esta sexta-feira o Governo portugu\u00eas de transformar Portugal num &#8220;c\u00famplice direto&#8221; do genoc\u00eddio em Gaza, avan\u00e7ando que vai exigir explica\u00e7\u00f5es sobre as &#8220;conversas fechadas&#8221; sobre ca\u00e7as F-35 com destino a Israel. <\/p>\n<p>&#8220;<strong>Estamos a falar dos ca\u00e7as F-35, um dos avi\u00f5es mais avan\u00e7ados, das mais avan\u00e7adas armas de guerra do mundo<\/strong>. Eu acho que este tema \u00e9 s\u00e9rio, porque para j\u00e1 coloca em causa a <a href=\"https:\/\/expresso.pt\/politica\/defesa\/2025-10-03-montenegro-prometeu-ha-um-ano-a-mariana-mortagua-que-nao-passariam-por-portugal-armas-para-israel-1cfe65ba\" target=\"_blank\" rel=\"noopener noreferrer nofollow\">palavra do pr\u00f3prio primeiro-ministro<\/a> que disse que isso n\u00e3o aconteceria e transforma Portugal num c\u00famplice direto de um genoc\u00eddio contra a vontade do povo portugu\u00eas&#8221;, disse Mariana Mort\u00e1gua, <\/p>\n<p>No Porto, onde participou numa arruada ao lado do cabe\u00e7a de lista \u00e0 C\u00e2mara Municipal, S\u00e9rgio Aires, a l\u00edder bloquista disse que o Bloco de Esquerda exigir\u00e1 &#8220;explica\u00e7\u00f5es do Governo portugu\u00eas at\u00e9 o \u00faltimo momento&#8221;, referindo-se \u00e0 <a href=\"https:\/\/expresso.pt\/politica\/2025-10-09-israel-admite-conversas-em-salas-fechadas-com-governo-sobre-f-35-c1ae3121\" target=\"_blank\" rel=\"noopener noreferrer nofollow\">Expresso <\/a> que d\u00e1 conta de que ter\u00e3o existido conversas em &#8220;salas fechadas&#8221; com Portugal sobre a passagem dos F-35 pela base das Lajes, nos A\u00e7ores.<\/p>\n<p>&#8220;N\u00e3o me parece que esse seja o papel do Governo portugu\u00eas, <strong>o Governo mentiu ao povo portugu\u00eas<\/strong> e essa mentira transformou o nosso pa\u00eds em c\u00famplice do maior crime contra a humanidade e por isso n\u00f3s vamos querer explica\u00e7\u00f5es do governo portugu\u00eas at\u00e9 o \u00faltimo momento&#8221;, insistiu.<\/p>\n<p>Mariana Mort\u00e1gua criticou as &#8220;reuni\u00f5es escondidas entre o Governo portugu\u00eas e o Governo israelita para a passagem de armamentos por terras portuguesas&#8221;, armamento esse que, frisou a coordenadora do Bloco de Esquerda, &#8220;serve depois para matar palestinianos&#8221;.<\/p>\n<p>Pagamento de regresso &#8220;n\u00e3o \u00e9 tema&#8221;<\/p>\n<p>Mariana Mort\u00e1gua, diz que aguarda com \u201cmuita tranquilidade\u201d a notifica\u00e7\u00e3o do Governo portugu\u00eas para pagar os custos do seu regresso ao pa\u00eds depois de integrar as embarca\u00e7\u00f5es da flotilha humanit\u00e1ria de ajuda a Gaza.<\/p>\n<p style=\"text-align: start;\">\u201c<strong>Estamos \u00e0 espera dessa notifica\u00e7\u00e3o, com muita tranquilidade<\/strong>. Achamos que esse n\u00e3o \u00e9 o tema. Se queremos falar sobre a Palestina, vamos falar sobre o sofrimento do povo palestiniano e a grandeza dos movimentos de solidariedade\u201d, disse Mariana Mort\u00e1gua em declara\u00e7\u00f5es aos jornalistas <\/p>\n<p style=\"text-align: start;\">A l\u00edder bloquista foi questionada sobre se j\u00e1 recebeu a notifica\u00e7\u00e3o e se conhece os custos da viagem de regresso a Portugal ap\u00f3s ter estado detida em Israel juntamente com a atriz Sofia Apar\u00edcio e os ativistas Miguel Duarte e Diogo Chaves, tendo dito que tem estado mais atenta \u00e0 campanha eleitoral.<\/p>\n<p style=\"text-align: start;\">\u201cTenho estado em campanha e, portanto, da mesma forma que tive dificuldade em ler o Or\u00e7amento do Estado porque o senhor primeiro-ministro e o Governo decidiram apresent\u00e1-lo antecipadamente para evitar que a campanha fosse sobre os neg\u00f3cios mal explicados do primeiro-ministro, tamb\u00e9m tenho tido dificuldade em verificar a cada segundo se recebo notifica\u00e7\u00f5es do Minist\u00e9rio dos Neg\u00f3cios Estrangeiros\u201d, respondeu.<\/p>\n<p style=\"text-align: start;\">Mariana Mort\u00e1gua voltou a criticar o Governo por ter, disse a coordenadora do Bloco de Esquerda, considerado \u201cmais importante informar a imprensa daquilo que ia fazer do que informar os pr\u00f3prios daquilo que queria fazer e das suas raz\u00f5es\u201d.<\/p>\n<p style=\"text-align: start;\">A informa\u00e7\u00e3o segundo a qual os ativistas ter\u00e3o de pagar os custos do repatriamento foi avan\u00e7ada pelo Correio da Manh\u00e3 e confirmada por diversos \u00f3rg\u00e3os de comunica\u00e7\u00e3o social junto do Minist\u00e9rio dos Neg\u00f3cios Estrangeiros.<\/p>\n","protected":false},"excerpt":{"rendered":"A coordenadora do Bloco de Esquerda acusou esta sexta-feira o Governo portugu\u00eas de transformar Portugal num &#8220;c\u00famplice direto&#8221;&hellip;\n","protected":false},"author":2,"featured_media":106168,"comment_status":"","ping_status":"","sticky":false,"template":"","format":"standard","meta":{"footnotes":""},"categories":[8],"tags":[27,28,15,16,14,25,26,21,22,12,13,19,20,32,23,24,33,17,18,29,30,31],"class_list":{"0":"post-106167","1":"post","2":"type-post","3":"status-publish","4":"format-standard","5":"has-post-thumbnail","7":"category-principais-noticias","8":"tag-breaking-news","9":"tag-breakingnews","10":"tag-featured-news","11":"tag-featurednews","12":"tag-headlines","13":"tag-latest-news","14":"tag-latestnews","15":"tag-main-news","16":"tag-mainnews","17":"tag-news","18":"tag-noticias","19":"tag-noticias-principais","20":"tag-noticiasprincipais","21":"tag-portugal","22":"tag-principais-noticias","23":"tag-principaisnoticias","24":"tag-pt","25":"tag-top-stories","26":"tag-topstories","27":"tag-ultimas","28":"tag-ultimas-noticias","29":"tag-ultimasnoticias"},"share_on_mastodon":{"url":"","error":""},"_links":{"self":[{"href":"https:\/\/www.europesays.com\/pt\/wp-json\/wp\/v2\/posts\/106167","targetHints":{"allow":["GET"]}}],"collection":[{"href":"https:\/\/www.europesays.com\/pt\/wp-json\/wp\/v2\/posts"}],"about":[{"href":"https:\/\/www.europesays.com\/pt\/wp-json\/wp\/v2\/types\/post"}],"author":[{"embeddable":true,"href":"https:\/\/www.europesays.com\/pt\/wp-json\/wp\/v2\/users\/2"}],"replies":[{"embeddable":true,"href":"https:\/\/www.europesays.com\/pt\/wp-json\/wp\/v2\/comments?post=106167"}],"version-history":[{"count":0,"href":"https:\/\/www.europesays.com\/pt\/wp-json\/wp\/v2\/posts\/106167\/revisions"}],"wp:featuredmedia":[{"embeddable":true,"href":"https:\/\/www.europesays.com\/pt\/wp-json\/wp\/v2\/media\/106168"}],"wp:attachment":[{"href":"https:\/\/www.europesays.com\/pt\/wp-json\/wp\/v2\/media?parent=106167"}],"wp:term":[{"taxonomy":"category","embeddable":true,"href":"https:\/\/www.europesays.com\/pt\/wp-json\/wp\/v2\/categories?post=106167"},{"taxonomy":"post_tag","embeddable":true,"href":"https:\/\/www.europesays.com\/pt\/wp-json\/wp\/v2\/tags?post=106167"}],"curies":[{"name":"wp","href":"https:\/\/api.w.org\/{rel}","templated":true}]}}